{"id":198198,"date":"2026-05-09T12:36:10","date_gmt":"2026-05-09T12:36:10","guid":{"rendered":"https:\/\/www.europesays.com\/lv\/198198\/"},"modified":"2026-05-09T12:36:10","modified_gmt":"2026-05-09T12:36:10","slug":"foto-%e2%9f%a9-dubrovina-parka-daugavpili-tiek-nolikti-ziedi","status":"publish","type":"post","link":"https:\/\/www.europesays.com\/lv\/198198\/","title":{"rendered":"FOTO \u27e9 Dubrovina park\u0101 Daugavpil\u012b tiek nolikti ziedi"},"content":{"rendered":"<p>Padomju armijas memori\u0101ls ar &#8220;m\u016b\u017e\u012bgo uguni&#8221; Dubrovina park\u0101 Daugavpil\u012b ir vieta, kur tradicion\u0101li 9. maij\u0101 saist\u012bb\u0101 ar Krievijas &#8220;uzvaras dienas&#8221; svin\u012bb\u0101m tiek nolikti ziedi, bet pirms Krievijas pilna m\u0113roga iebrukuma Ukrain\u0101 notika ar\u012b pla\u0161\u0101ki pas\u0101kumi. Ziedus parasti novieto gan ap &#8220;m\u016b\u017e\u012bgo uguni&#8221;, gan pie citiem memori\u0101la objektiem.<\/p>\n<p>Lai nodro\u0161in\u0101tu sabiedrisko k\u0101rt\u012bbu un dro\u0161\u012bbu, VP \u0161odien str\u0101d\u0101 pastiprin\u0101t\u0101 re\u017e\u012bm\u0101, iesaistot pla\u0161us likumsargu sp\u0113kus, k\u0101 ar\u012b \u012bstenojot cie\u0161u sadarb\u012bbu ar Valsts dro\u0161\u012bbas dienestu un citiem sadarb\u012bbas partneriem, tostarp <a href=\"https:\/\/www.tvnet.lv\/term\/14326\/daugavpils\" class=\"topicLink\" target=\"_blank\" rel=\"nofollow noopener\">Daugavpils<\/a> pa\u0161vald\u012bbas policiju.<\/p>\n<p>Policij\u0101 skaidro, ka individu\u0101la ziedu nolik\u0161ana apbed\u012bjumu viet\u0101s nav aizliegta. Savuk\u0101rt ziedu nolik\u0161ana viet\u0101s, kur demont\u0113ti padomju pieminek\u013ci, tiks uzskat\u012bta k\u0101 \u0161o objektu un milit\u0101ras agresijas slavin\u0101\u0161ana, \u0161\u0101das darb\u012bbas netiks pie\u013cautas. VP uzsver, ka t\u0101s m\u0113r\u0137is un uzdevums ir nepie\u013caut sabiedrisk\u0101s k\u0101rt\u012bbas apdraud\u0113jumu un jebk\u0101du agresijas slavin\u0101\u0161anu.<\/p>\n<p>Daugavpil\u012b, Dubrovina parka apkaim\u0113, b\u016bs noteikti satiksmes ierobe\u017eojumi. \u0145emot v\u0113r\u0101, ka VP turpin\u0101s resorisk\u0101 p\u0101rbaude saist\u012bb\u0101 ar uzliesmojumu Dubrovina park\u0101 febru\u0101r\u012b, dro\u0161\u012bbas apsv\u0113rumu d\u0113\u013c notikuma vieta b\u016bs norobe\u017eota. Vienlaikus iedz\u012bvot\u0101jiem tiks nodro\u0161in\u0101ta iesp\u0113ja piek\u013c\u016bt apbed\u012bjuma vietas tuvum\u0101. Apmekl\u0113jot Dubrovina parku, VP aicina sekot policijas darbinieku nor\u0101d\u012bjumiem.<\/p>\n<p>Daugavpils pa\u0161vald\u012bb\u0101 a\u0123ent\u016brai LETA apliecin\u0101ja, ka publiski pas\u0101kumi vai m\u012bti\u0146i pils\u0113t\u0101 \u0161odien nav pieteikti.<\/p>\n<p>Jau zi\u0146ots, ka t\u0101 saukt\u0101s &#8220;m\u016b\u017e\u012bg\u0101s uguns&#8221; apkopes laik\u0101 febru\u0101r\u012b Dubrovina park\u0101 Daugavpil\u012b notika spr\u0101dziens un cieta cilv\u0113ks. Daugavpils pa\u0161vald\u012bbas policija v\u0113st\u012bja, ka, iesp\u0113jams, g\u0101zes nopl\u016bdes rezult\u0101t\u0101 notika eksplozija.<\/p>\n","protected":false},"excerpt":{"rendered":"Padomju armijas memori\u0101ls ar &#8220;m\u016b\u017e\u012bgo uguni&#8221; Dubrovina park\u0101 Daugavpil\u012b ir vieta, kur tradicion\u0101li 9. maij\u0101 saist\u012bb\u0101 ar Krievijas&hellip;\n","protected":false},"author":2,"featured_media":198199,"comment_status":"","ping_status":"","sticky":false,"template":"","format":"standard","meta":{"footnotes":"","_share_on_mastodon":"0"},"categories":[5],"tags":[34690,23,28,29,168,32,33,22,30,31,35,39,38,36,37,34,40,20,26,27,24,25,21],"class_list":["post-198198","post","type-post","status-publish","format-standard","has-post-thumbnail","category-aktualitates","tag-9-maijs","tag-aktualitates","tag-breaking-news","tag-breakingnews","tag-daugavpils","tag-featured-news","tag-featurednews","tag-headlines","tag-latest-news","tag-latestnews","tag-latvia","tag-latvian","tag-latviesu","tag-latviesu-valoda","tag-latviesuvaloda","tag-latvija","tag-lv","tag-news","tag-popularakas-zinas","tag-popularakaszinas","tag-top-stories","tag-topstories","tag-zinas"],"share_on_mastodon":{"url":"https:\/\/pubeurope.com\/@lv\/116544653423775538","error":""},"_links":{"self":[{"href":"https:\/\/www.europesays.com\/lv\/wp-json\/wp\/v2\/posts\/198198","targetHints":{"allow":["GET"]}}],"collection":[{"href":"https:\/\/www.europesays.com\/lv\/wp-json\/wp\/v2\/posts"}],"about":[{"href":"https:\/\/www.europesays.com\/lv\/wp-json\/wp\/v2\/types\/post"}],"author":[{"embeddable":true,"href":"https:\/\/www.europesays.com\/lv\/wp-json\/wp\/v2\/users\/2"}],"replies":[{"embeddable":true,"href":"https:\/\/www.europesays.com\/lv\/wp-json\/wp\/v2\/comments?post=198198"}],"version-history":[{"count":0,"href":"https:\/\/www.europesays.com\/lv\/wp-json\/wp\/v2\/posts\/198198\/revisions"}],"wp:featuredmedia":[{"embeddable":true,"href":"https:\/\/www.europesays.com\/lv\/wp-json\/wp\/v2\/media\/198199"}],"wp:attachment":[{"href":"https:\/\/www.europesays.com\/lv\/wp-json\/wp\/v2\/media?parent=198198"}],"wp:term":[{"taxonomy":"category","embeddable":true,"href":"https:\/\/www.europesays.com\/lv\/wp-json\/wp\/v2\/categories?post=198198"},{"taxonomy":"post_tag","embeddable":true,"href":"https:\/\/www.europesays.com\/lv\/wp-json\/wp\/v2\/tags?post=198198"}],"curies":[{"name":"wp","href":"https:\/\/api.w.org\/{rel}","templated":true}]}}