{"id":19824,"date":"2025-10-13T06:56:07","date_gmt":"2025-10-13T06:56:07","guid":{"rendered":"https:\/\/www.europesays.com\/lv\/19824\/"},"modified":"2025-10-13T06:56:07","modified_gmt":"2025-10-13T06:56:07","slug":"muzikas-duets-de-mantra-iedrosina-ticet-sev-ar-jauno-dziesmu-let-them-lente-lv","status":"publish","type":"post","link":"https:\/\/www.europesays.com\/lv\/19824\/","title":{"rendered":"M\u016bzikas duets &#8220;De Mantra&#8221; iedro\u0161ina tic\u0113t sev ar jauno dziesmu &#8220;Let Them&#8221;\u00a0\u2014\u00a0Lente.lv"},"content":{"rendered":"<p>Jaunais singls &#8220;Let Them&#8221; \u2013 v\u0113st\u012bjums par iek\u0161\u0113jo br\u012bv\u012bbu no &#8220;De Mantra&#8221;<\/p>\n<p>Latvie\u0161u m\u016bzikas duets &#8220;De Mantra&#8221;, ko veido Liene Leit\u0101ne un Madara Martinkena, ir publiskojis savu tre\u0161o singlu ang\u013cu valod\u0101, kas nosaukts &#8220;Let Them&#8221;. \u0160o emocion\u0101lo un sp\u0113c\u012bgo dziesmu papildina ar\u012b vizu\u0101li iespaid\u012bgs videoklips, kas, p\u0113c dueta pa\u0161u v\u0101rdiem, spilgti atspogu\u013co ska\u0146darba b\u016bt\u012bbu.<\/p>\n<p>Dziesmas b\u016bt\u012bba: Atlaist un notic\u0113t sev<\/p>\n<p>&#8220;Let Them&#8221; galven\u0101 ideja ir aicin\u0101jums iem\u0101c\u012bties palaist gar\u0101m un nerea\u0123\u0113t uz apk\u0101rt\u0113jo kritiku, skaud\u012bbu un negat\u012bvo ietekmi. Dueta dal\u012bbnieces uzsver, ka nepamatoti spriedumi un \u0101r\u0113jais spiediens pat\u0113r\u0113 v\u0113rt\u012bgu laiku, ko daudz lietder\u012bg\u0101k var\u0113tu ieguld\u012bt sav\u0101 person\u012bgaj\u0101 att\u012bst\u012bb\u0101. &#8220;M\u0113s dz\u012bvojam laik\u0101, kad ir viegl\u0101k v\u0113rot citu dz\u012bves nek\u0101 pa\u0161iem piedz\u012bvot sav\u0113jo,&#8221; atz\u012bst &#8220;De Mantra&#8221;, piebilstot, ka soci\u0101lie t\u012bkli bie\u017ei rada il\u016bzijas, kas veicina sal\u012bdzin\u0101\u0161anu un negat\u012bvismu. T\u0101p\u0113c vi\u0146u aicin\u0101jums ir vienk\u0101r\u0161i \u013caut citiem b\u016bt un dz\u012bvot savu unik\u0101lo dz\u012bves ce\u013cu, piln\u012bb\u0101 pa\u013caujoties uz sevi. Dziesma ir ar\u012b mierin\u0101jums tiem, kas saskaras ar k\u013c\u016bd\u0101m, jo t\u0101s ir neizb\u0113gamas un cilv\u0113ku nedefin\u0113; svar\u012bg\u0101kais ir atcer\u0113ties, ka cilv\u0113k\u0101 vienm\u0113r m\u012bt sp\u0113c\u012bg\u0101ks sp\u0113ks, kas p\u0101rsp\u0113j jebkuru negat\u012bvismu.<\/p>\n<p>Muzik\u0101lais eksperiments un rado\u0161\u0101 harmonija<\/p>\n<p>Dziesmas skan\u0113jums tapis k\u0101 rado\u0161s eksperiments, apzin\u0101ti izvairoties no stingriem \u017eanriskiem r\u0101mjiem. &#8220;De Mantra&#8221; dai\u013cradei rakstur\u012bgs dv\u0113selisks un emocion\u0101ls popm\u016bzikas skan\u0113jums, kas dzi\u013ci atspogu\u013co abu m\u0101kslinie\u010du iek\u0161\u0113jo pasauli un saj\u016btas. Gan dziesmas v\u0101rdi, gan m\u016bzika ir abu dal\u012bbnie\u010du kopdarbs, apliecinot vi\u0146u izcilo rado\u0161o saska\u0146u. Studijas ierakstu, miks\u0113\u0161anu un m\u0101steringu nodro\u0161in\u0101ju\u0161i producenti Armands Varslav\u0101ns un Edgars Vilc\u0101ns, savuk\u0101rt videoklipa veido\u0161an\u0101 piedal\u012bjies J\u0101nis V\u0101cers, bet mont\u0101\u017eu veidojusi Liene Leit\u0101ne.<\/p>\n","protected":false},"excerpt":{"rendered":"Jaunais singls &#8220;Let Them&#8221; \u2013 v\u0113st\u012bjums par iek\u0161\u0113jo br\u012bv\u012bbu no &#8220;De Mantra&#8221; Latvie\u0161u m\u016bzikas duets &#8220;De Mantra&#8221;, ko&hellip;\n","protected":false},"author":2,"featured_media":19825,"comment_status":"","ping_status":"","sticky":false,"template":"","format":"standard","meta":{"footnotes":""},"categories":[19],"tags":[6440,89,90,35,39,38,194,36,37,34,6441,6442,40,6443,3183],"class_list":{"0":"post-19824","1":"post","2":"type-post","3":"status-publish","4":"format-standard","5":"has-post-thumbnail","7":"category-izklaide","8":"tag-de-mantra","9":"tag-entertainment","10":"tag-izklaide","11":"tag-latvia","12":"tag-latvian","13":"tag-latviesu","14":"tag-latviesu-muzika","15":"tag-latviesu-valoda","16":"tag-latviesuvaloda","17":"tag-latvija","18":"tag-let-them","19":"tag-liene-leitane","20":"tag-lv","21":"tag-madara-martinkena","22":"tag-muzikas-video"},"share_on_mastodon":{"url":"","error":""},"_links":{"self":[{"href":"https:\/\/www.europesays.com\/lv\/wp-json\/wp\/v2\/posts\/19824","targetHints":{"allow":["GET"]}}],"collection":[{"href":"https:\/\/www.europesays.com\/lv\/wp-json\/wp\/v2\/posts"}],"about":[{"href":"https:\/\/www.europesays.com\/lv\/wp-json\/wp\/v2\/types\/post"}],"author":[{"embeddable":true,"href":"https:\/\/www.europesays.com\/lv\/wp-json\/wp\/v2\/users\/2"}],"replies":[{"embeddable":true,"href":"https:\/\/www.europesays.com\/lv\/wp-json\/wp\/v2\/comments?post=19824"}],"version-history":[{"count":0,"href":"https:\/\/www.europesays.com\/lv\/wp-json\/wp\/v2\/posts\/19824\/revisions"}],"wp:featuredmedia":[{"embeddable":true,"href":"https:\/\/www.europesays.com\/lv\/wp-json\/wp\/v2\/media\/19825"}],"wp:attachment":[{"href":"https:\/\/www.europesays.com\/lv\/wp-json\/wp\/v2\/media?parent=19824"}],"wp:term":[{"taxonomy":"category","embeddable":true,"href":"https:\/\/www.europesays.com\/lv\/wp-json\/wp\/v2\/categories?post=19824"},{"taxonomy":"post_tag","embeddable":true,"href":"https:\/\/www.europesays.com\/lv\/wp-json\/wp\/v2\/tags?post=19824"}],"curies":[{"name":"wp","href":"https:\/\/api.w.org\/{rel}","templated":true}]}}