{"id":198290,"date":"2026-05-09T16:05:08","date_gmt":"2026-05-09T16:05:08","guid":{"rendered":"https:\/\/www.europesays.com\/lv\/198290\/"},"modified":"2026-05-09T16:05:08","modified_gmt":"2026-05-09T16:05:08","slug":"vacijas-kanclers-kritize-fico-braucienu-uz-maskavu","status":"publish","type":"post","link":"https:\/\/www.europesays.com\/lv\/198290\/","title":{"rendered":"V\u0101cijas kanclers kritiz\u0113 Fico braucienu uz Maskavu"},"content":{"rendered":"<p>&#8220;Roberts Fico zina, ka mums ir domstarp\u012bbas. Man tas ir \u013coti \u017e\u0113l, un m\u0113s ar vi\u0146u par \u0161o dienu Maskav\u0101 run\u0101sim,&#8221; Mercs teica kop\u012bg\u0101 preses konferenc\u0113 ar Zviedrijas premjerministru Ulfu Kristersonu Stokholm\u0101.<\/p>\n<p>Fico bija vien\u012bgais viesis no Eiropas Savien\u012bbas, kas dev\u0101s uz Maskavu, kur katru gadu 9. maij\u0101 Krievijas galvaspils\u0113tas Sarkanaj\u0101 laukum\u0101 tradicion\u0101li notiek milit\u0101r\u0101 par\u0101de.<\/p>\n<p>Lai gan Fico pats par\u0101d\u0113 nepiedal\u012bj\u0101s, piektdien vi\u0146\u0161 nolika vainagu pie nezin\u0101m\u0101 karav\u012bra kapa Krem\u013ca sien\u0101.<\/p>\n<p>Sestdien Fico tik\u0101s ar Krievijas diktatoru Vladimiru Putinu.<\/p>\n","protected":false},"excerpt":{"rendered":"&#8220;Roberts Fico zina, ka mums ir domstarp\u012bbas. Man tas ir \u013coti \u017e\u0113l, un m\u0113s ar vi\u0146u par \u0161o&hellip;\n","protected":false},"author":2,"featured_media":198291,"comment_status":"","ping_status":"","sticky":false,"template":"","format":"standard","meta":{"footnotes":"","_share_on_mastodon":"0"},"categories":[14],"tags":[34690,23,57,28,29,32,33,5154,22,74,30,31,35,39,38,36,37,34,40,20,26,27,19671,24,25,54,55,56,21,58],"class_list":["post-198290","post","type-post","status-publish","format-standard","has-post-thumbnail","category-zinas-no-arvalstim","tag-9-maijs","tag-aktualitates","tag-arvalstim","tag-breaking-news","tag-breakingnews","tag-featured-news","tag-featurednews","tag-fridrihs-mercs","tag-headlines","tag-krievijas-iebrukums-ukraina","tag-latest-news","tag-latestnews","tag-latvia","tag-latvian","tag-latviesu","tag-latviesu-valoda","tag-latviesuvaloda","tag-latvija","tag-lv","tag-news","tag-popularakas-zinas","tag-popularakaszinas","tag-roberts-fico","tag-top-stories","tag-topstories","tag-world","tag-world-news","tag-worldnews","tag-zinas","tag-zinas-no-arvalstim"],"share_on_mastodon":{"url":"https:\/\/pubeurope.com\/@lv\/116545475505161227","error":""},"_links":{"self":[{"href":"https:\/\/www.europesays.com\/lv\/wp-json\/wp\/v2\/posts\/198290","targetHints":{"allow":["GET"]}}],"collection":[{"href":"https:\/\/www.europesays.com\/lv\/wp-json\/wp\/v2\/posts"}],"about":[{"href":"https:\/\/www.europesays.com\/lv\/wp-json\/wp\/v2\/types\/post"}],"author":[{"embeddable":true,"href":"https:\/\/www.europesays.com\/lv\/wp-json\/wp\/v2\/users\/2"}],"replies":[{"embeddable":true,"href":"https:\/\/www.europesays.com\/lv\/wp-json\/wp\/v2\/comments?post=198290"}],"version-history":[{"count":0,"href":"https:\/\/www.europesays.com\/lv\/wp-json\/wp\/v2\/posts\/198290\/revisions"}],"wp:featuredmedia":[{"embeddable":true,"href":"https:\/\/www.europesays.com\/lv\/wp-json\/wp\/v2\/media\/198291"}],"wp:attachment":[{"href":"https:\/\/www.europesays.com\/lv\/wp-json\/wp\/v2\/media?parent=198290"}],"wp:term":[{"taxonomy":"category","embeddable":true,"href":"https:\/\/www.europesays.com\/lv\/wp-json\/wp\/v2\/categories?post=198290"},{"taxonomy":"post_tag","embeddable":true,"href":"https:\/\/www.europesays.com\/lv\/wp-json\/wp\/v2\/tags?post=198290"}],"curies":[{"name":"wp","href":"https:\/\/api.w.org\/{rel}","templated":true}]}}