{"id":198371,"date":"2026-05-09T18:14:08","date_gmt":"2026-05-09T18:14:08","guid":{"rendered":"https:\/\/www.europesays.com\/lv\/198371\/"},"modified":"2026-05-09T18:14:08","modified_gmt":"2026-05-09T18:14:08","slug":"saistiba-ar-padomju-karaviru-pieminu-konstate-atseviskus-militaro-agresiju-slavinosu-simbolu-lietosanas-gadijumus","status":"publish","type":"post","link":"https:\/\/www.europesays.com\/lv\/198371\/","title":{"rendered":"Saist\u012bb\u0101 ar padomju karav\u012bru piemi\u0146u konstat\u0113 atsevi\u0161\u0137us milit\u0101ro agresiju slavino\u0161u simbolu lieto\u0161anas gad\u012bjumus"},"content":{"rendered":"<p>Tom\u0113r dienestu v\u0113rt\u0113jum\u0101 diena l\u012bdz \u0161im aizrit\u0113jusi bez b\u016btiskiem starpgad\u012bjumiem.<\/p>\n<p>Likumsargi \u0161odien l\u012bdz plkst. 15 kopum\u0101 s\u0101ku\u0161i 35 administrat\u012bv\u0101 p\u0101rk\u0101puma procesus saist\u012bb\u0101 ar padomju karav\u012bru piemi\u0146as pas\u0101kumiem, tostarp digit\u0101laj\u0101 vid\u0113. Teju visi procesi s\u0101kti par milit\u0101r\u0101s agresijas un kara noziegumu slavino\u0161u simbolu izmanto\u0161anu publisk\u0101 viet\u0101. Liel\u0101k\u0101 da\u013ca fiks\u0113ti digit\u0101laj\u0101 vid\u0113, bet desmit &#8211; sabiedrisk\u0101s viet\u0101s.<\/p>\n<p>Piem\u0113ram, R\u012bgas re\u0123ion\u0101 konstat\u0113ti atsevi\u0161\u0137i gad\u012bjumi, kad personu ap\u0123\u0113rb\u0101 vai pie t\u0101 piestiprin\u0101tos elementos ir publiski redzami milit\u0101r\u0101s agresijas slavino\u0161i simboli un uzraksti, piem\u0113ram, Krievijas \u0123erbonis, uzraksts &#8220;Russia&#8221;, Georga lente un taml\u012bdz\u012bgi. Viens v\u012brietis par \u0161\u0101du p\u0101rk\u0101pumu Salaspils memori\u0101la apk\u0101rtn\u0113 nopeln\u012bja pat divus administrat\u012bv\u0101 p\u0101rk\u0101puma procesus.<\/p>\n<p>Daugavpil\u012b konstat\u0113ts gad\u012bjums, kad 1981. gad\u0101 dzimis v\u012brietis man\u0101m\u0101 alkohola reibum\u0101, ejot gar \u0160makovkas muzeju R\u012bgas iel\u0101, ar portat\u012bvo ska\u013cruni atska\u0146oja milit\u0101ro agresiju slavino\u0161u dziesmu, savuk\u0101rt R\u012bg\u0101, P\u013cavnieku kapos, k\u0101ds v\u012brietis no sava transportl\u012bdzek\u013ca atska\u0146ojis sarkano armiju slavino\u0161u dziesmu.<\/p>\n","protected":false},"excerpt":{"rendered":"Tom\u0113r dienestu v\u0113rt\u0113jum\u0101 diena l\u012bdz \u0161im aizrit\u0113jusi bez b\u016btiskiem starpgad\u012bjumiem. Likumsargi \u0161odien l\u012bdz plkst. 15 kopum\u0101 s\u0101ku\u0161i 35&hellip;\n","protected":false},"author":2,"featured_media":198372,"comment_status":"","ping_status":"","sticky":false,"template":"","format":"standard","meta":{"footnotes":"","_share_on_mastodon":"0"},"categories":[5],"tags":[34690,23,28,29,32,33,22,30,31,35,39,38,36,37,34,40,20,163,26,27,24,25,138,21],"class_list":["post-198371","post","type-post","status-publish","format-standard","has-post-thumbnail","category-aktualitates","tag-9-maijs","tag-aktualitates","tag-breaking-news","tag-breakingnews","tag-featured-news","tag-featurednews","tag-headlines","tag-latest-news","tag-latestnews","tag-latvia","tag-latvian","tag-latviesu","tag-latviesu-valoda","tag-latviesuvaloda","tag-latvija","tag-lv","tag-news","tag-policija","tag-popularakas-zinas","tag-popularakaszinas","tag-top-stories","tag-topstories","tag-valsts-policija","tag-zinas"],"share_on_mastodon":{"url":"https:\/\/pubeurope.com\/@lv\/116545982663127893","error":""},"_links":{"self":[{"href":"https:\/\/www.europesays.com\/lv\/wp-json\/wp\/v2\/posts\/198371","targetHints":{"allow":["GET"]}}],"collection":[{"href":"https:\/\/www.europesays.com\/lv\/wp-json\/wp\/v2\/posts"}],"about":[{"href":"https:\/\/www.europesays.com\/lv\/wp-json\/wp\/v2\/types\/post"}],"author":[{"embeddable":true,"href":"https:\/\/www.europesays.com\/lv\/wp-json\/wp\/v2\/users\/2"}],"replies":[{"embeddable":true,"href":"https:\/\/www.europesays.com\/lv\/wp-json\/wp\/v2\/comments?post=198371"}],"version-history":[{"count":0,"href":"https:\/\/www.europesays.com\/lv\/wp-json\/wp\/v2\/posts\/198371\/revisions"}],"wp:featuredmedia":[{"embeddable":true,"href":"https:\/\/www.europesays.com\/lv\/wp-json\/wp\/v2\/media\/198372"}],"wp:attachment":[{"href":"https:\/\/www.europesays.com\/lv\/wp-json\/wp\/v2\/media?parent=198371"}],"wp:term":[{"taxonomy":"category","embeddable":true,"href":"https:\/\/www.europesays.com\/lv\/wp-json\/wp\/v2\/categories?post=198371"},{"taxonomy":"post_tag","embeddable":true,"href":"https:\/\/www.europesays.com\/lv\/wp-json\/wp\/v2\/tags?post=198371"}],"curies":[{"name":"wp","href":"https:\/\/api.w.org\/{rel}","templated":true}]}}