{"id":198415,"date":"2026-05-09T18:58:14","date_gmt":"2026-05-09T18:58:14","guid":{"rendered":"https:\/\/www.europesays.com\/lv\/198415\/"},"modified":"2026-05-09T18:58:14","modified_gmt":"2026-05-09T18:58:14","slug":"razma-pdc-eiropas-tures-posma-uzvar-van-deivenbodi-un-ieklust-otraja-karta","status":"publish","type":"post","link":"https:\/\/www.europesays.com\/lv\/198415\/","title":{"rendered":"Razma PDC Eiropas t\u016bres posm\u0101 uzvar van Deivenbodi\u00a0 un iek\u013c\u016bst otraj\u0101 k\u0101rt\u0101"},"content":{"rendered":"<p>Razma vid\u0113ji pieg\u0101jien\u0101 guva 98,76 punktus, izpild\u012bja divus 180 punktu g\u0101jienus un nosl\u0113dzo\u0161os metienus izpild\u012bja ar 50% precizit\u0101ti. Vi\u0146a pretinieks vid\u0113ji pieg\u0101jien\u0101 guva 100,19 punktus, izpild\u012bja \u010detrus 180 punktu g\u0101jienus un nosl\u0113dzo\u0161os metienus izpild\u012bja ar 44,44% precizit\u0101ti.<\/p>\n<p>Otraj\u0101 k\u0101rt\u0101 Razmas pretinieks b\u016bs ar pirmo numuru izs\u0113tais n\u012bderlandietis Gians van V\u0113ns, kur\u0161 \u0161obr\u012bd rang\u0101 ie\u0146em tre\u0161o vietu.<\/p>\n<p>\u0160autri\u0146u met\u0113ji turn\u012br\u0101 c\u012bn\u0101s par 230 000 Lielbrit\u0101nijas m\u0101rci\u0146u lielu balvu fondu.<\/p>\n<p class=\"tv3-fw-500\">Zi\u0146o par k\u013c\u016bdu rakst\u0101<\/p>\n<p class=\"d-md-block d-none\">Iez\u012bm\u0113 k\u013c\u016bdaino tekstu un spied Ctrl+Enter.<\/p>\n<p class=\"d-md-none d-block\">Iez\u012bm\u0113 k\u013c\u016bdaino tekstu un zi\u0146o par to!<\/p>\n","protected":false},"excerpt":{"rendered":"Razma vid\u0113ji pieg\u0101jien\u0101 guva 98,76 punktus, izpild\u012bja divus 180 punktu g\u0101jienus un nosl\u0113dzo\u0161os metienus izpild\u012bja ar 50% precizit\u0101ti.&hellip;\n","protected":false},"author":2,"featured_media":198416,"comment_status":"","ping_status":"","sticky":false,"template":"","format":"standard","meta":{"footnotes":"","_share_on_mastodon":"0"},"categories":[17],"tags":[35,39,38,36,37,34,40,27080,67],"class_list":["post-198415","post","type-post","status-publish","format-standard","has-post-thumbnail","category-sports","tag-latvia","tag-latvian","tag-latviesu","tag-latviesu-valoda","tag-latviesuvaloda","tag-latvija","tag-lv","tag-madars-razmasautrinu-mesana","tag-sports"],"share_on_mastodon":{"url":"https:\/\/pubeurope.com\/@lv\/116546155764541084","error":""},"_links":{"self":[{"href":"https:\/\/www.europesays.com\/lv\/wp-json\/wp\/v2\/posts\/198415","targetHints":{"allow":["GET"]}}],"collection":[{"href":"https:\/\/www.europesays.com\/lv\/wp-json\/wp\/v2\/posts"}],"about":[{"href":"https:\/\/www.europesays.com\/lv\/wp-json\/wp\/v2\/types\/post"}],"author":[{"embeddable":true,"href":"https:\/\/www.europesays.com\/lv\/wp-json\/wp\/v2\/users\/2"}],"replies":[{"embeddable":true,"href":"https:\/\/www.europesays.com\/lv\/wp-json\/wp\/v2\/comments?post=198415"}],"version-history":[{"count":0,"href":"https:\/\/www.europesays.com\/lv\/wp-json\/wp\/v2\/posts\/198415\/revisions"}],"wp:featuredmedia":[{"embeddable":true,"href":"https:\/\/www.europesays.com\/lv\/wp-json\/wp\/v2\/media\/198416"}],"wp:attachment":[{"href":"https:\/\/www.europesays.com\/lv\/wp-json\/wp\/v2\/media?parent=198415"}],"wp:term":[{"taxonomy":"category","embeddable":true,"href":"https:\/\/www.europesays.com\/lv\/wp-json\/wp\/v2\/categories?post=198415"},{"taxonomy":"post_tag","embeddable":true,"href":"https:\/\/www.europesays.com\/lv\/wp-json\/wp\/v2\/tags?post=198415"}],"curies":[{"name":"wp","href":"https:\/\/api.w.org\/{rel}","templated":true}]}}