{"id":198526,"date":"2026-05-09T23:10:19","date_gmt":"2026-05-09T23:10:19","guid":{"rendered":"https:\/\/www.europesays.com\/lv\/198526\/"},"modified":"2026-05-09T23:10:19","modified_gmt":"2026-05-09T23:10:19","slug":"georga-lentes-padomju-armiju-slavinosas-dziesmas-no-skalruniem-un-citi-parkapumi","status":"publish","type":"post","link":"https:\/\/www.europesays.com\/lv\/198526\/","title":{"rendered":"Georga lentes, padomju armiju slavino\u0161as dziesmas no ska\u013cru\u0146iem un citi p\u0101rk\u0101pumi"},"content":{"rendered":"<p>T\u0101pat divi administrat\u012bvie p\u0101rk\u0101puma procesi s\u0101kti par atra\u0161anos publisk\u0101 viet\u0101 reibuma st\u0101vokl\u012b, proti, divas personas Salaspil\u012b pie piemi\u0146as viet\u0101m bija liel\u0101 &#8211; piecu un divu promi\u013cu &#8211; alkohola reibum\u0101.<\/p>\n<p>Jau zi\u0146ots, ka sabiedrisk\u0101s k\u0101rt\u012bbas un dro\u0161\u012bbas nodro\u0161in\u0101\u0161anai saist\u012bb\u0101 ar 9. maiju VP str\u0101d\u0101 pastiprin\u0101t\u0101 re\u017e\u012bm\u0101, iesaistot pla\u0161us likumsargu sp\u0113kus, k\u0101 ar\u012b \u012bstenojot cie\u0161u sadarb\u012bbu ar Valsts dro\u0161\u012bbas dienestu (VDD) un citiem sadarb\u012bbas partneriem.<\/p>\n<p>Individu\u0101la ziedu nolik\u0161ana apbed\u012bjumu viet\u0101s nav aizliegta. Savuk\u0101rt ziedu nolik\u0161ana viet\u0101s, kur demont\u0113ti padomju pieminek\u013ci, tiks uzskat\u012bta par \u0161o objektu un milit\u0101ras agresijas slavin\u0101\u0161anu, un \u0161\u0101das darb\u012bbas netiks pie\u013cautas.<\/p>\n<p>Policijas m\u0113r\u0137is un uzdevums ir nepie\u013caut sabiedrisk\u0101s k\u0101rt\u012bbas apdraud\u0113jumu un jebk\u0101du agresijas slavin\u0101\u0161anu.<\/p>\n<p>Policij\u0101 atg\u0101din\u0101ja, ka totalit\u0101ro re\u017e\u012bmu simbolu, k\u0101 ar\u012b jebk\u0101da milit\u0101ro agresiju un kara noziegumus slavino\u0161u un attaisnojo\u0161u simbolu izmanto\u0161ana publisk\u0101s viet\u0101s ir aizliegta un sod\u0101ma, attiec\u012bgi v\u0113rt\u0113jot personas atbild\u012bbu.<\/p>\n","protected":false},"excerpt":{"rendered":"T\u0101pat divi administrat\u012bvie p\u0101rk\u0101puma procesi s\u0101kti par atra\u0161anos publisk\u0101 viet\u0101 reibuma st\u0101vokl\u012b, proti, divas personas Salaspil\u012b pie piemi\u0146as&hellip;\n","protected":false},"author":2,"featured_media":198527,"comment_status":"","ping_status":"","sticky":false,"template":"","format":"standard","meta":{"footnotes":"","_share_on_mastodon":"0"},"categories":[5],"tags":[34690,23,28,29,32,33,22,30,31,35,39,38,36,37,34,40,20,26,27,24,25,138,21],"class_list":["post-198526","post","type-post","status-publish","format-standard","has-post-thumbnail","category-aktualitates","tag-9-maijs","tag-aktualitates","tag-breaking-news","tag-breakingnews","tag-featured-news","tag-featurednews","tag-headlines","tag-latest-news","tag-latestnews","tag-latvia","tag-latvian","tag-latviesu","tag-latviesu-valoda","tag-latviesuvaloda","tag-latvija","tag-lv","tag-news","tag-popularakas-zinas","tag-popularakaszinas","tag-top-stories","tag-topstories","tag-valsts-policija","tag-zinas"],"share_on_mastodon":{"url":"https:\/\/pubeurope.com\/@lv\/116547146582821176","error":""},"_links":{"self":[{"href":"https:\/\/www.europesays.com\/lv\/wp-json\/wp\/v2\/posts\/198526","targetHints":{"allow":["GET"]}}],"collection":[{"href":"https:\/\/www.europesays.com\/lv\/wp-json\/wp\/v2\/posts"}],"about":[{"href":"https:\/\/www.europesays.com\/lv\/wp-json\/wp\/v2\/types\/post"}],"author":[{"embeddable":true,"href":"https:\/\/www.europesays.com\/lv\/wp-json\/wp\/v2\/users\/2"}],"replies":[{"embeddable":true,"href":"https:\/\/www.europesays.com\/lv\/wp-json\/wp\/v2\/comments?post=198526"}],"version-history":[{"count":0,"href":"https:\/\/www.europesays.com\/lv\/wp-json\/wp\/v2\/posts\/198526\/revisions"}],"wp:featuredmedia":[{"embeddable":true,"href":"https:\/\/www.europesays.com\/lv\/wp-json\/wp\/v2\/media\/198527"}],"wp:attachment":[{"href":"https:\/\/www.europesays.com\/lv\/wp-json\/wp\/v2\/media?parent=198526"}],"wp:term":[{"taxonomy":"category","embeddable":true,"href":"https:\/\/www.europesays.com\/lv\/wp-json\/wp\/v2\/categories?post=198526"},{"taxonomy":"post_tag","embeddable":true,"href":"https:\/\/www.europesays.com\/lv\/wp-json\/wp\/v2\/tags?post=198526"}],"curies":[{"name":"wp","href":"https:\/\/api.w.org\/{rel}","templated":true}]}}