{"id":19869,"date":"2025-10-13T07:47:04","date_gmt":"2025-10-13T07:47:04","guid":{"rendered":"https:\/\/www.europesays.com\/lv\/19869\/"},"modified":"2025-10-13T07:47:04","modified_gmt":"2025-10-13T07:47:04","slug":"krievijas-karaviru-paradisanas-pie-satses-zabaka-iezime-jaunu-posmu-maskavas-un-nato-konfrontacija","status":"publish","type":"post","link":"https:\/\/www.europesays.com\/lv\/19869\/","title":{"rendered":"Krievijas karav\u012bru par\u0101d\u012b\u0161an\u0101s pie S\u0101tses z\u0101baka iez\u012bm\u0113 jaunu posmu Maskavas un NATO konfront\u0101cij\u0101"},"content":{"rendered":"<p>&#8220;S\u0101tses z\u0101baks&#8221; ir Krievijas teritorijas izvirz\u012bjums, kas iesniedzas Igaunijas Veru apri\u0146\u0137\u012b. To \u0161\u0137\u0113rso kilometru gar\u0161 ce\u013ca posms, ko igau\u0146i izmanto, lai neb\u016btu j\u0101veic apk\u0101rtce\u013c\u0161.<\/p>\n<p><img decoding=\"async\" class=\"figure__image\" onclick=\"triggerEvent('articleImageClick', { id: 17207265, focus: 'single-image', focusIndex: '17207265' })\" onkeydown=\"if (event.key === 'Enter') {&#10;        triggerEvent('articleImageClick', { id: 17207265, focus: 'single-image', focusIndex: '17207265' })&#10;        }\" role=\"button\" tabindex=\"0\" data-focus-from=\"single-image\" data-focus-index=\"17207265\" src=\"https:\/\/www.europesays.com\/lv\/wp-content\/uploads\/2025\/10\/17207265t1hc52e.jpg\" onload=\"this.parentElement.classList.remove('figure__image-loading')\" alt=\"\"\/> Foto: Ekr\u0101nuz\u0146\u0113mums no Google maps<\/p>\n<p>Departaments izplat\u012bjis videoierakstu, kur\u0101 redzami uz ce\u013ca st\u0101vo\u0161i septi\u0146i bru\u0146oti v\u012brie\u0161i.<\/p>\n<p>Satiksme pa ce\u013cu, kas da\u013c\u0113ji iet pa Krievijas Pleskavas apgabala teritoriju, sl\u0113gta, lai nepie\u013cautu varb\u016bt\u0113jas provok\u0101cijas un lai g\u0101d\u0101tu par Igaunijas pilso\u0146u dro\u0161\u012bbu.<\/p>\n<p>&#8220;Piektdien, 10. oktobr\u012b, m\u016bsu patru\u013cas visas dienas gait\u0101 konstat\u0113ja, ka Krievijas pus\u0113 v\u0113rojama man\u0101mi liel\u0101ka aktivit\u0101te nek\u0101 parasti. M\u0113s redz\u0113j\u0101m uz robe\u017eas un tie\u0161\u0101 t\u0101s tuvum\u0101 da\u017e\u0101du bru\u0146otu grupu p\u0101rvieto\u0161anos. P\u0113c uniform\u0101m redzams, ka tie nav robe\u017esargi,&#8221; nor\u0101d\u012bja Dienvidu prefekt\u016bras robe\u017esardzes biroja priek\u0161nieks M\u0113liss S\u0101rep\u016b.<\/p>\n<p>Bru\u0146ot\u0101s grupas uz ce\u013ca, kas iet caur S\u0101tses z\u0101baku, s\u0101ka par\u0101d\u012bties piektdien ap plkst. 15.<\/p>\n<p>&#8220;S\u0101kotn\u0113ji vi\u0146i virz\u012bj\u0101s pa ce\u013cu, bet k\u0101d\u0101 br\u012bd\u012b tie ce\u013cu aiz\u0161\u0137\u0113rsoja. M\u0113s to uztv\u0113r\u0101m k\u0101 ac\u012bmredzamu apdraud\u0113jumu. M\u0113s s\u0101k\u0101m aptur\u0113t automa\u0161\u012bnas ab\u0101s &#8220;S\u0101tses z\u0101baka&#8221; pus\u0113s, skaidrojot situ\u0101ciju, br\u012bdin\u0101j\u0101m par patrul\u0113\u0161anu \u0161aj\u0101 rajon\u0101. Vairums autovad\u012bt\u0101ju turpin\u0101ja ce\u013cu, da\u017ei griez\u0101s apk\u0101rt,&#8221; past\u0101st\u012bja S\u0101rep\u016b.<\/p>\n<p><a href=\"https:\/\/www.apollo.lv\/term\/555481\/igaunija\" class=\"topicLink\" target=\"_blank\" rel=\"nofollow noopener\">Igaunija<\/a> piepras\u012bja Krievijas paskaidrojumus par to, kas notiek, uz ko krievi atbild\u0113ja, ka nekas nenotiekot un ka t\u0101 veicot &#8220;parastos pas\u0101kumus&#8221;.<\/p>\n<p>Ta\u010du Igaunija iz\u0161\u0137\u012br\u0101s par l\u0113mumu sl\u0113gt satiksmi pa ce\u013cu, kas iet caur &#8220;S\u0101tses z\u0101baku&#8221;.<\/p>\n<p>Igaunijas iek\u0161lietu ministrs Igors Taro sestdienas vakar\u0101 pazi\u0146oja, ka saska\u0146\u0101 ar p\u0113d\u0113j\u0101m zi\u0146\u0101m Krievijas bru\u0146otie form\u0113jumi esot pametu\u0161i S\u0101tses z\u0101baka apk\u0101rtni, ta\u010du satiksme caur \u0161o teritoriju b\u016bs sl\u0113gta vismaz l\u012bdz otrdienai.<\/p>\n","protected":false},"excerpt":{"rendered":"&#8220;S\u0101tses z\u0101baks&#8221; ir Krievijas teritorijas izvirz\u012bjums, kas iesniedzas Igaunijas Veru apri\u0146\u0137\u012b. To \u0161\u0137\u0113rso kilometru gar\u0161 ce\u013ca posms, ko&hellip;\n","protected":false},"author":2,"featured_media":19870,"comment_status":"","ping_status":"","sticky":false,"template":"","format":"standard","meta":{"footnotes":""},"categories":[14],"tags":[23,57,28,29,32,33,22,73,234,30,31,35,39,38,36,37,34,40,71,20,26,27,24,25,54,55,56,21,58],"class_list":{"0":"post-19869","1":"post","2":"type-post","3":"status-publish","4":"format-standard","5":"has-post-thumbnail","7":"category-zinas-no-arvalstim","8":"tag-aktualitates","9":"tag-arvalstim","10":"tag-breaking-news","11":"tag-breakingnews","12":"tag-featured-news","13":"tag-featurednews","14":"tag-headlines","15":"tag-igaunija","16":"tag-krievija","17":"tag-latest-news","18":"tag-latestnews","19":"tag-latvia","20":"tag-latvian","21":"tag-latviesu","22":"tag-latviesu-valoda","23":"tag-latviesuvaloda","24":"tag-latvija","25":"tag-lv","26":"tag-nato","27":"tag-news","28":"tag-popularakas-zinas","29":"tag-popularakaszinas","30":"tag-top-stories","31":"tag-topstories","32":"tag-world","33":"tag-world-news","34":"tag-worldnews","35":"tag-zinas","36":"tag-zinas-no-arvalstim"},"share_on_mastodon":{"url":"","error":""},"_links":{"self":[{"href":"https:\/\/www.europesays.com\/lv\/wp-json\/wp\/v2\/posts\/19869","targetHints":{"allow":["GET"]}}],"collection":[{"href":"https:\/\/www.europesays.com\/lv\/wp-json\/wp\/v2\/posts"}],"about":[{"href":"https:\/\/www.europesays.com\/lv\/wp-json\/wp\/v2\/types\/post"}],"author":[{"embeddable":true,"href":"https:\/\/www.europesays.com\/lv\/wp-json\/wp\/v2\/users\/2"}],"replies":[{"embeddable":true,"href":"https:\/\/www.europesays.com\/lv\/wp-json\/wp\/v2\/comments?post=19869"}],"version-history":[{"count":0,"href":"https:\/\/www.europesays.com\/lv\/wp-json\/wp\/v2\/posts\/19869\/revisions"}],"wp:featuredmedia":[{"embeddable":true,"href":"https:\/\/www.europesays.com\/lv\/wp-json\/wp\/v2\/media\/19870"}],"wp:attachment":[{"href":"https:\/\/www.europesays.com\/lv\/wp-json\/wp\/v2\/media?parent=19869"}],"wp:term":[{"taxonomy":"category","embeddable":true,"href":"https:\/\/www.europesays.com\/lv\/wp-json\/wp\/v2\/categories?post=19869"},{"taxonomy":"post_tag","embeddable":true,"href":"https:\/\/www.europesays.com\/lv\/wp-json\/wp\/v2\/tags?post=19869"}],"curies":[{"name":"wp","href":"https:\/\/api.w.org\/{rel}","templated":true}]}}