{"id":1987,"date":"2025-09-22T14:19:06","date_gmt":"2025-09-22T14:19:06","guid":{"rendered":"https:\/\/www.europesays.com\/lv\/1987\/"},"modified":"2025-09-22T14:19:06","modified_gmt":"2025-09-22T14:19:06","slug":"toms-skujins-stradas-uci-atletu-komisija","status":"publish","type":"post","link":"https:\/\/www.europesays.com\/lv\/1987\/","title":{"rendered":"Toms Skuji\u0146\u0161 str\u0101d\u0101s UCI Atl\u0113tu komisij\u0101"},"content":{"rendered":"<p>Skuji\u0146\u0161 bija vien\u012bgais no v\u012brie\u0161iem, kas izvirz\u012bjis kandidat\u016bru p\u0101rst\u0101v\u0113t \u0161osejas rite\u0146brauk\u0161anu komisij\u0101, t\u0101d\u0113j\u0101di vi\u0146\u0161 taj\u0101 str\u0101d\u0101s bez iev\u0113l\u0113\u0161anas. Pasaules \u010dempion\u0101ta laik\u0101 sportistiem b\u016bs j\u0101izv\u0113las, kura no sieviet\u0113m pievienosies Skuji\u0146am darbam komisij\u0101, uz \u0161o amatu pretend\u0113jot amerik\u0101nietei Meganai Jastrabai un franc\u016bzietei \u017diljetai Lab\u016b.<\/p>\n<p>Skuji\u0146\u0161 jau pirms \u010detriem gadiem pretend\u0113ja uz darbu komisij\u0101. Latvietis sa\u0146\u0113ma 101 rite\u0146brauc\u0113ja balsi jeb 32,5%, bet \u0161obr\u012bd jau karjeru nosl\u0113gu\u0161ajam Filipam \u017dilb\u0113ram no Be\u013c\u0123ijas tika 205 balsis jeb 65,9%<\/p>\n<p>UCI Atl\u0113tu komisij\u0101 ir devi\u0146u da\u017e\u0101du rite\u0146brauk\u0161anas veidu p\u0101rst\u0101vji.<\/p>\n","protected":false},"excerpt":{"rendered":"Skuji\u0146\u0161 bija vien\u012bgais no v\u012brie\u0161iem, kas izvirz\u012bjis kandidat\u016bru p\u0101rst\u0101v\u0113t \u0161osejas rite\u0146brauk\u0161anu komisij\u0101, t\u0101d\u0113j\u0101di vi\u0146\u0161 taj\u0101 str\u0101d\u0101s bez iev\u0113l\u0113\u0161anas.&hellip;\n","protected":false},"author":2,"featured_media":1988,"comment_status":"","ping_status":"","sticky":false,"template":"","format":"standard","meta":{"footnotes":""},"categories":[17],"tags":[35,39,38,36,37,34,40,462,741,67,288],"class_list":{"0":"post-1987","1":"post","2":"type-post","3":"status-publish","4":"format-standard","5":"has-post-thumbnail","7":"category-sports","8":"tag-latvia","9":"tag-latvian","10":"tag-latviesu","11":"tag-latviesu-valoda","12":"tag-latviesuvaloda","13":"tag-latvija","14":"tag-lv","15":"tag-ritenbrauksana","16":"tag-sosejas-ritenbrauksana","17":"tag-sports","18":"tag-toms-skujins"},"share_on_mastodon":{"url":"","error":""},"_links":{"self":[{"href":"https:\/\/www.europesays.com\/lv\/wp-json\/wp\/v2\/posts\/1987","targetHints":{"allow":["GET"]}}],"collection":[{"href":"https:\/\/www.europesays.com\/lv\/wp-json\/wp\/v2\/posts"}],"about":[{"href":"https:\/\/www.europesays.com\/lv\/wp-json\/wp\/v2\/types\/post"}],"author":[{"embeddable":true,"href":"https:\/\/www.europesays.com\/lv\/wp-json\/wp\/v2\/users\/2"}],"replies":[{"embeddable":true,"href":"https:\/\/www.europesays.com\/lv\/wp-json\/wp\/v2\/comments?post=1987"}],"version-history":[{"count":0,"href":"https:\/\/www.europesays.com\/lv\/wp-json\/wp\/v2\/posts\/1987\/revisions"}],"wp:featuredmedia":[{"embeddable":true,"href":"https:\/\/www.europesays.com\/lv\/wp-json\/wp\/v2\/media\/1988"}],"wp:attachment":[{"href":"https:\/\/www.europesays.com\/lv\/wp-json\/wp\/v2\/media?parent=1987"}],"wp:term":[{"taxonomy":"category","embeddable":true,"href":"https:\/\/www.europesays.com\/lv\/wp-json\/wp\/v2\/categories?post=1987"},{"taxonomy":"post_tag","embeddable":true,"href":"https:\/\/www.europesays.com\/lv\/wp-json\/wp\/v2\/tags?post=1987"}],"curies":[{"name":"wp","href":"https:\/\/api.w.org\/{rel}","templated":true}]}}