{"id":198755,"date":"2026-05-10T08:10:11","date_gmt":"2026-05-10T08:10:11","guid":{"rendered":"https:\/\/www.europesays.com\/lv\/198755\/"},"modified":"2026-05-10T08:10:11","modified_gmt":"2026-05-10T08:10:11","slug":"sestdien-aiztureti-tris-uzvaras-dienas-svinetaji-viens-no-tiem-liepaja","status":"publish","type":"post","link":"https:\/\/www.europesays.com\/lv\/198755\/","title":{"rendered":"Sestdien aiztur\u0113ti tr\u012bs &#8220;uzvaras dienas&#8221; svin\u0113t\u0101ji &#8211; viens no tiem Liep\u0101j\u0101"},"content":{"rendered":"<p>                        <img fetchpriority=\"high\" decoding=\"async\" width=\"799\" height=\"534\" src=\"https:\/\/www.europesays.com\/lv\/wp-content\/uploads\/2026\/05\/54961263503_25065179c9_c.jpg\" alt=\"\" class=\"wp-image-1216247\"  \/><\/p>\n<p>Sestdien Latvij\u0101 aiztur\u0113ti tr\u012bs t\u0101 d\u0113v\u0113t\u0101s uzvaras dienas svin\u0113t\u0101ji, bet atbild\u012bgo dienestu v\u0113rt\u0113jum\u0101 diena l\u012bdz \u0161im aizrit\u0113jusi bez b\u016btiskiem starpgad\u012bjumiem, a\u0123ent\u016bru LETA inform\u0113ja Valsts policij\u0101 (VP).<\/p>\n<p>L\u012bdz plkst. 20 policija kopum\u0101 ir s\u0101kusi 66 administrat\u012bv\u0101 p\u0101rk\u0101puma procesus saist\u012bb\u0101 ar padomju armijas karav\u012bru piemi\u0146u. Liel\u0101k\u0101 da\u013ca jeb 37 p\u0101rk\u0101pumi fiks\u0113ti digit\u0101laj\u0101 vid\u0113, bet 29 \u2013 sabiedrisk\u0101s viet\u0101s.<\/p>\n<p>Vair\u0101kums procesu s\u0101kts par milit\u0101r\u0101s agresijas un kara noziegumu slavino\u0161u simbolu izmanto\u0161anu publisk\u0101 viet\u0101.<\/p>\n<p>Viens no aiztur\u0113tajiem Ventspil\u012b pie kr\u016bt\u012bm bija pielicis Georga lenti un atteic\u0101s uzr\u0101d\u012bt personu apliecino\u0161us dokumentus. Salaspil\u012b k\u0101ds v\u012brietis aiztur\u0113ts par atra\u0161anos publisk\u0101 viet\u0101 t\u0101d\u0101 reibuma st\u0101vokl\u012b, kas trauc\u0113 sabiedrisko k\u0101rt\u012bbu vai dro\u0161\u012bbu.<\/p>\n<p>Savuk\u0101rt Liep\u0101j\u0101 k\u0101ds v\u012brietis, b\u016bdams reibum\u0101, trauc\u0113jis sabiedrisko mieru un k\u0101rt\u012bbu, lam\u0101jies necenz\u0113tiem v\u0101rdiem, k\u0101 ar\u012b \u0146irg\u0101jies par Latvijas atbalstu Ukrainai. T\u0101pat v\u012brietis nav pak\u013c\u0101vies policijas darbinieku likum\u012bgaj\u0101m pras\u012bb\u0101m, k\u0101 rezult\u0101t\u0101 tika aiztur\u0113ts un par vi\u0146a r\u012bc\u012bbu s\u0101kti \u010detri administrat\u012bv\u0101 p\u0101rk\u0101puma procesi.<\/p>\n<p>Gan R\u012bg\u0101, gan Daugavpil\u012b ir fiks\u0113ts, ka personas ir m\u0113\u0123in\u0101ju\u0161as nolikt ziedus demont\u0113to padomju pieminek\u013cu viet\u0101s, kas tiek trakt\u0113ta k\u0101 milit\u0101r\u0101s agresijas un kara noziegumu slavin\u0101\u0161ana. Ar\u012b pret \u0161im person\u0101m s\u0101kti administrat\u012bvo p\u0101rk\u0101pumu procesi.<\/p>\n<p>A\u0123ent\u016bra LETA nov\u0113roja, ka viens \u0161\u0101ds v\u012brietis tika aiztur\u0113ts Uzvaras park\u0101, R\u012bg\u0101, kur l\u012bdz 2022. gadam atrad\u0101s piemineklis padomju armijas karav\u012briem. Sportiski \u0123\u0113rbtais v\u012brietis park\u0101, kur agr\u0101k 9. maij\u0101 pie pieminek\u013ca pulc\u0113j\u0101s t\u016bksto\u0161iem cilv\u0113ku, bija ieradies ar pu\u0137\u0113m un tika ievietots policijas mikroautobus\u0101.<\/p>\n<p>Valsts policija kop\u0101 ar citiem dienestiem turpinot str\u0101d\u0101t pastiprin\u0101t\u0101 re\u017e\u012bm\u0101, lai nodro\u0161in\u0101tu sabiedrisko k\u0101rt\u012bbu un dro\u0161\u012bbu.<\/p>\n<p>Jau zi\u0146ots, ka l\u012bdz \u0161im dienas gait\u0101 R\u012bgas re\u0123ion\u0101 bija konstat\u0113ti atsevi\u0161\u0137i gad\u012bjumi, kad personu ap\u0123\u0113rb\u0101 vai pie t\u0101 piestiprin\u0101tos elementos ir publiski redzami milit\u0101r\u0101s agresijas slavino\u0161i simboli un uzraksti, piem\u0113ram, Krievijas \u0123erbonis, uzraksts \u201cRussia\u201d, Georga lente un taml\u012bdz\u012bgi. Viens v\u012brietis par \u0161\u0101du p\u0101rk\u0101pumu Salaspils memori\u0101la apk\u0101rtn\u0113 nopeln\u012bja pat divus administrat\u012bv\u0101 p\u0101rk\u0101puma procesus.<\/p>\n<p>Daugavpil\u012b konstat\u0113ts gad\u012bjums, kad 1981. gad\u0101 dzimis v\u012brietis man\u0101m\u0101 alkohola reibum\u0101, ejot gar \u0160makovkas muzeju R\u012bgas iel\u0101, ar portat\u012bvo ska\u013cruni atska\u0146oja milit\u0101ro agresiju slavino\u0161u dziesmu, savuk\u0101rt R\u012bg\u0101, P\u013cavnieku kapos, k\u0101ds v\u012brietis no sava transportl\u012bdzek\u013ca atska\u0146ojis sarkano armiju slavino\u0161u dziesmu.<\/p>\n<p>T\u0101pat divi administrat\u012bvie p\u0101rk\u0101puma procesi s\u0101kti par atra\u0161anos publisk\u0101 viet\u0101 reibuma st\u0101vokl\u012b, proti, divas personas Salaspil\u012b pie piemi\u0146as viet\u0101m bija liel\u0101 \u2013 piecu un divu promi\u013cu \u2013 alkohola reibum\u0101.<\/p>\n<p>Sabiedrisk\u0101s k\u0101rt\u012bbas un dro\u0161\u012bbas nodro\u0161in\u0101\u0161anai saist\u012bb\u0101 ar 9. maiju VP str\u0101d\u0101 pastiprin\u0101t\u0101 re\u017e\u012bm\u0101, iesaistot pla\u0161us likumsargu sp\u0113kus, k\u0101 ar\u012b \u012bstenojot cie\u0161u sadarb\u012bbu ar Valsts dro\u0161\u012bbas dienestu un citiem sadarb\u012bbas partneriem.<\/p>\n<p>Individu\u0101la ziedu nolik\u0161ana apbed\u012bjumu viet\u0101s nav aizliegta. Savuk\u0101rt ziedu nolik\u0161ana viet\u0101s, kur demont\u0113ti padomju pieminek\u013ci, tiks uzskat\u012bta par \u0161o objektu un milit\u0101ras agresijas slavin\u0101\u0161anu, un \u0161\u0101das darb\u012bbas netiks pie\u013cautas.<\/p>\n<p>Policijas m\u0113r\u0137is un uzdevums ir nepie\u013caut sabiedrisk\u0101s k\u0101rt\u012bbas apdraud\u0113jumu un jebk\u0101du agresijas slavin\u0101\u0161anu.<\/p>\n<p>Policij\u0101 atg\u0101dina, ka totalit\u0101ro re\u017e\u012bmu simbolu, k\u0101 ar\u012b jebk\u0101da milit\u0101ro agresiju un kara noziegumus slavino\u0161u un attaisnojo\u0161u simbolu izmanto\u0161ana publisk\u0101s viet\u0101s ir aizliegta un sod\u0101ma, attiec\u012bgi v\u0113rt\u0113jot personas atbild\u012bbu.<\/p>\n<p>Desmitgad\u0113m 9. maij\u0101 p\u0113c Krievijas iniciat\u012bvas tiku\u0161as organiz\u0113tas svin\u012bbas Sarkan\u0101s armijas uzvarai p\u0101r nacistisko V\u0101ciju Otraj\u0101 pasaules kar\u0101. Ar\u012b Latvij\u0101 joproj\u0101m da\u013ca sabiedr\u012bbas piekopj trad\u012bciju atz\u012bm\u0113t t\u0101 d\u0113v\u0113tos uzvaras sv\u0113tkus, tom\u0113r \u0161is datums Austrumeirop\u0101 tiek identific\u0113ts ar Baltijas valstu okup\u0101ciju un aneksiju PSRS sast\u0101v\u0101.<\/p>\n<p>Foto \u2013 Valsts policija<\/p>\n","protected":false},"excerpt":{"rendered":"Sestdien Latvij\u0101 aiztur\u0113ti tr\u012bs t\u0101 d\u0113v\u0113t\u0101s uzvaras dienas svin\u0113t\u0101ji, bet atbild\u012bgo dienestu v\u0113rt\u0113jum\u0101 diena l\u012bdz \u0161im aizrit\u0113jusi bez&hellip;\n","protected":false},"author":2,"featured_media":198756,"comment_status":"","ping_status":"","sticky":false,"template":"","format":"standard","meta":{"footnotes":"","_share_on_mastodon":"0"},"categories":[12],"tags":[34690,23,28,29,32,33,22,30,31,35,39,38,36,37,34,40,20,26,27,24,25,138,21],"class_list":["post-198755","post","type-post","status-publish","format-standard","has-post-thumbnail","category-latvija","tag-9-maijs","tag-aktualitates","tag-breaking-news","tag-breakingnews","tag-featured-news","tag-featurednews","tag-headlines","tag-latest-news","tag-latestnews","tag-latvia","tag-latvian","tag-latviesu","tag-latviesu-valoda","tag-latviesuvaloda","tag-latvija","tag-lv","tag-news","tag-popularakas-zinas","tag-popularakaszinas","tag-top-stories","tag-topstories","tag-valsts-policija","tag-zinas"],"share_on_mastodon":{"url":"https:\/\/pubeurope.com\/@lv\/116549270035275878","error":""},"_links":{"self":[{"href":"https:\/\/www.europesays.com\/lv\/wp-json\/wp\/v2\/posts\/198755","targetHints":{"allow":["GET"]}}],"collection":[{"href":"https:\/\/www.europesays.com\/lv\/wp-json\/wp\/v2\/posts"}],"about":[{"href":"https:\/\/www.europesays.com\/lv\/wp-json\/wp\/v2\/types\/post"}],"author":[{"embeddable":true,"href":"https:\/\/www.europesays.com\/lv\/wp-json\/wp\/v2\/users\/2"}],"replies":[{"embeddable":true,"href":"https:\/\/www.europesays.com\/lv\/wp-json\/wp\/v2\/comments?post=198755"}],"version-history":[{"count":0,"href":"https:\/\/www.europesays.com\/lv\/wp-json\/wp\/v2\/posts\/198755\/revisions"}],"wp:featuredmedia":[{"embeddable":true,"href":"https:\/\/www.europesays.com\/lv\/wp-json\/wp\/v2\/media\/198756"}],"wp:attachment":[{"href":"https:\/\/www.europesays.com\/lv\/wp-json\/wp\/v2\/media?parent=198755"}],"wp:term":[{"taxonomy":"category","embeddable":true,"href":"https:\/\/www.europesays.com\/lv\/wp-json\/wp\/v2\/categories?post=198755"},{"taxonomy":"post_tag","embeddable":true,"href":"https:\/\/www.europesays.com\/lv\/wp-json\/wp\/v2\/tags?post=198755"}],"curies":[{"name":"wp","href":"https:\/\/api.w.org\/{rel}","templated":true}]}}