{"id":198823,"date":"2026-05-10T09:46:09","date_gmt":"2026-05-10T09:46:09","guid":{"rendered":"https:\/\/www.europesays.com\/lv\/198823\/"},"modified":"2026-05-10T09:46:09","modified_gmt":"2026-05-10T09:46:09","slug":"sakti-teju-100-administrativie-procesi-cetri-aiztureti","status":"publish","type":"post","link":"https:\/\/www.europesays.com\/lv\/198823\/","title":{"rendered":"s\u0101kti teju 100 administrat\u012bvie procesi, \u010detri aiztur\u0113ti"},"content":{"rendered":"<p>Policija \u0161ogad saist\u012bb\u0101 ar 9. maija p\u0101rk\u0101pumiem nav s\u0101kusi nevienu krimin\u0101lprocesu, bet par administrat\u012bviem p\u0101rk\u0101pumiem s\u0101kti 98 procesi.<\/p>\n<p>Administrat\u012bvi aiztur\u0113ti \u010detri t\u0101 d\u0113v\u0113t\u0101s uzvaras dienas svin\u0113t\u0101ji.<\/p>\n<p>Vairums administrat\u012bvo p\u0101rk\u0101pumu procesi s\u0101kti par milit\u0101r\u0101s agresijas un kara noziegumu slavino\u0161u simbolu izmanto\u0161anu publisk\u0101 viet\u0101, \u012bpa\u0161i digit\u0101laj\u0101 vid\u0113.<\/p>\n<p>S\u0101kti ar\u012b vair\u0101ki administrat\u012bvo p\u0101rk\u0101pumu procesi par pirotehnikas izmanto\u0161anu un noskaidrotas aizdom\u0101s tur\u0113t\u0101s personas, ar kur\u0101m patlaban turpin\u0101s darbs.<\/p>\n<p><a href=\"https:\/\/www.apollo.lv\/term\/555407\/valsts-policija\" class=\"topicLink\" target=\"_blank\" rel=\"nofollow noopener\">Valsts policija<\/a> nor\u0101da, ka kop\u0113jais administrat\u012bvo p\u0101rk\u0101pumu procesu skaits v\u0113l palielin\u0101sies, jo turpin\u0101s p\u0101rk\u0101pumu izv\u0113rt\u0113\u0161ana digit\u0101laj\u0101 vid\u0113.<\/p>\n<p>Papildus policija vakar piemi\u0146as viet\u0101s aiztur\u0113ja ar\u012b vair\u0101kas mekl\u0113\u0161an\u0101 eso\u0161as personas par citiem noziedz\u012bgiem nodar\u012bjumiem, taj\u0101 skait\u0101 narkotisko vielu neat\u013cautu realiz\u0101ciju.<\/p>\n<p>Desmitgad\u0113m 9. maij\u0101 p\u0113c Krievijas iniciat\u012bvas tiku\u0161as organiz\u0113tas svin\u012bbas Sarkan\u0101s armijas uzvarai p\u0101r nacistisko V\u0101ciju Otraj\u0101 pasaules kar\u0101. Ar\u012b Latvij\u0101 joproj\u0101m da\u013ca sabiedr\u012bbas piekopj trad\u012bciju atz\u012bm\u0113t t\u0101 d\u0113v\u0113tos uzvaras sv\u0113tkus, tom\u0113r \u0161is datums Austrumeirop\u0101 tiek identific\u0113ts ar Baltijas valstu okup\u0101ciju un aneksiju PSRS sast\u0101v\u0101.<\/p>\n","protected":false},"excerpt":{"rendered":"Policija \u0161ogad saist\u012bb\u0101 ar 9. maija p\u0101rk\u0101pumiem nav s\u0101kusi nevienu krimin\u0101lprocesu, bet par administrat\u012bviem p\u0101rk\u0101pumiem s\u0101kti 98 procesi.&hellip;\n","protected":false},"author":2,"featured_media":198824,"comment_status":"","ping_status":"","sticky":false,"template":"","format":"standard","meta":{"footnotes":"","_share_on_mastodon":"0"},"categories":[12],"tags":[34690,23,28,29,32,33,22,30,31,35,39,38,36,37,34,40,20,26,27,24,25,138,21],"class_list":["post-198823","post","type-post","status-publish","format-standard","has-post-thumbnail","category-latvija","tag-9-maijs","tag-aktualitates","tag-breaking-news","tag-breakingnews","tag-featured-news","tag-featurednews","tag-headlines","tag-latest-news","tag-latestnews","tag-latvia","tag-latvian","tag-latviesu","tag-latviesu-valoda","tag-latviesuvaloda","tag-latvija","tag-lv","tag-news","tag-popularakas-zinas","tag-popularakaszinas","tag-top-stories","tag-topstories","tag-valsts-policija","tag-zinas"],"share_on_mastodon":{"url":"https:\/\/pubeurope.com\/@lv\/116549647430464555","error":""},"_links":{"self":[{"href":"https:\/\/www.europesays.com\/lv\/wp-json\/wp\/v2\/posts\/198823","targetHints":{"allow":["GET"]}}],"collection":[{"href":"https:\/\/www.europesays.com\/lv\/wp-json\/wp\/v2\/posts"}],"about":[{"href":"https:\/\/www.europesays.com\/lv\/wp-json\/wp\/v2\/types\/post"}],"author":[{"embeddable":true,"href":"https:\/\/www.europesays.com\/lv\/wp-json\/wp\/v2\/users\/2"}],"replies":[{"embeddable":true,"href":"https:\/\/www.europesays.com\/lv\/wp-json\/wp\/v2\/comments?post=198823"}],"version-history":[{"count":0,"href":"https:\/\/www.europesays.com\/lv\/wp-json\/wp\/v2\/posts\/198823\/revisions"}],"wp:featuredmedia":[{"embeddable":true,"href":"https:\/\/www.europesays.com\/lv\/wp-json\/wp\/v2\/media\/198824"}],"wp:attachment":[{"href":"https:\/\/www.europesays.com\/lv\/wp-json\/wp\/v2\/media?parent=198823"}],"wp:term":[{"taxonomy":"category","embeddable":true,"href":"https:\/\/www.europesays.com\/lv\/wp-json\/wp\/v2\/categories?post=198823"},{"taxonomy":"post_tag","embeddable":true,"href":"https:\/\/www.europesays.com\/lv\/wp-json\/wp\/v2\/tags?post=198823"}],"curies":[{"name":"wp","href":"https:\/\/api.w.org\/{rel}","templated":true}]}}