{"id":198841,"date":"2026-05-10T10:11:19","date_gmt":"2026-05-10T10:11:19","guid":{"rendered":"https:\/\/www.europesays.com\/lv\/198841\/"},"modified":"2026-05-10T10:11:19","modified_gmt":"2026-05-10T10:11:19","slug":"9-maijs-latvija-vp-98-administrativo-parkapumu-lietas-un-cetri-aizturetie-delfi","status":"publish","type":"post","link":"https:\/\/www.europesays.com\/lv\/198841\/","title":{"rendered":"9. maijs Latvij\u0101 \u2013 VP 98 administrat\u012bvo p\u0101rk\u0101pumu lietas un \u010detri aiztur\u0113tie &#8211; Delfi"},"content":{"rendered":"<ol>\n<li><a href=\"https:\/\/news.google.com\/rss\/articles\/CBMiuAFBVV95cUxPbGJBN3pVM2VXZk1qdEhQUzF3elowYmE3cEotc3hHUkJFTlQ2blBrSFQxQnBlVjllZUF0UVdyMkw1ZWc4Q0lJSDNtY0hZdmF1Z2paZmJoY3VJN2tTcXJSV01wemNwejNTTWJtYVR2dE44NVlZNkhsTmc2NWFodHc5ZWJ0SWJYVEVOR185M2NlR2pPQWQ2Ymk5ZzJxUVI3N3NTc2U5U1dMZEIxM0hLNi11aURNSmt6UjJx?oc=5\" target=\"_blank\" rel=\"nofollow noopener\">9. maijs Latvij\u0101 \u2013 VP 98 administrat\u012bvo p\u0101rk\u0101pumu lietas un \u010detri aiztur\u0113tie<\/a>&nbsp;&nbsp;Delfi<\/li>\n<li><a href=\"https:\/\/news.google.com\/rss\/articles\/CBMirAFBVV95cUxQZFg5N0dmRzVqcmpmQWRaQmpsTkpCOFVVQ1VFMEhpYzJPbmxYaTRTZUFCTjZHTDE3M1NiUmdvdFdYenpqRC0xem5pOWNDS1BzY3JzTnA4NVlxTm1aMUJaODJGUmpyUk96aWtXN2xoWmw4YWhOV0lNS0ZYcGJhQXFYWGQ2LWhfQ1N2LXIya2NwZFV4QmlfTm9TUkJ2NlM3NUlxZzh6a2VGTjNLalJ6?oc=5\" target=\"_blank\" rel=\"nofollow noopener\">Sestdien aiztur\u0113ti tr\u012bs \u00abuzvaras dienas\u00bb svin\u0113t\u0101ji \/ Raksts<\/a>&nbsp;&nbsp;LSM<\/li>\n<li><a href=\"https:\/\/news.google.com\/rss\/articles\/CBMiqwFBVV95cUxQZ0QtM19jdTZoT0RpTG9qRTJYQnFzYTlXa3RqQ0pEN2xzMWxuOXRiTTZBN0NuNXZtVVY2QXFNQ3B2SmZ2NUpJNzE3SzgzYXpnZ3BmM2x5ZEcyaVpuQklnaUdqOVRqQ1B1cnB0SG50T1p5X3lLQXZNUEl2RW42T0dGb09NTEMyYzh6ODNFUUJfWWE0S1A5VXNxUnZ4b0VKU3lHbTl5TjhFUkxKTEU?oc=5\" target=\"_blank\" rel=\"nofollow noopener\">Maz\u0101k nek\u0101 p\u0113rn, bet p\u0101rk\u0101pumu netr\u016bka: policija v\u0113rt\u0113 9. maija notikumus<\/a>&nbsp;&nbsp;Jauns.lv<\/li>\n<li><a href=\"https:\/\/news.google.com\/rss\/articles\/CBMiywFBVV95cUxQdDhjZ2ZFQ1M0ZERBVEM5cnB4WEt2RFZ6NkNXWkZCTDJXWXpFSmxfVHRaVjJxaTVKSjZBM1Y2dDlZZG80amlTeHloSFNXVGpZWVhuRlJHM1pvNGxfWXcyYzhINXpjeXdRTld6UHdRczMzOHRiTE9ydVBfdFNtWDgtbDlKSDNJYm1OY2o5ZF82SHFHSHlQWUx3Y3lpSGhEN1lIS3Q4cVBEci1CeDk0LU1scHFqNFE3UzF5UGd0dWhCalBETUxGLW9UMll0QQ?oc=5\" target=\"_blank\" rel=\"nofollow noopener\">Milit\u0101ro agresiju slavino\u0161as dziesmas, kara noziegumu cildin\u0101\u0161ana \u2013 VP s\u0101kusi teju 70 lietas<\/a>&nbsp;&nbsp;Delfi<\/li>\n<li><a href=\"https:\/\/news.google.com\/rss\/articles\/CBMi1gFBVV95cUxOci1qMHFPXzhDN1NOSldtd3p3UTFXMkJDR1lqMEFpc2tQcExTMHFMT1ZIaFFMdHdWN0xNbWJ5U3JKb0lCcjU2LXhBRG54MUFZVkY0Y2t0SWc3ZnVlalExWlpIYXZia1VQTndyRnBRdlFFejczdTVtXzhHbGVWY1BuYVU1VUJHdzdYNFlOakI4YWNFYjJxT3hTbVlFM1VGVHhITFcxckIyblNMLV8zdllpbmFnbnJKRVlxLVZRTVNzbXdDLTBPaXR3cmNKMVd1OWFhVk9ZYzNR?oc=5\" target=\"_blank\" rel=\"nofollow noopener\">K\u0101 Latvij\u0101 aizvad\u012bts 9. maijs: Georga lentes, padomju armiju slavino\u0161as dziesmas no ska\u013cru\u0146iem un citi p\u0101rk\u0101pumi<\/a>&nbsp;&nbsp;Apollo.lv<\/li>\n<\/ol>\n","protected":false},"excerpt":{"rendered":"9. maijs Latvij\u0101 \u2013 VP 98 administrat\u012bvo p\u0101rk\u0101pumu lietas un \u010detri aiztur\u0113tie&nbsp;&nbsp;Delfi Sestdien aiztur\u0113ti tr\u012bs \u00abuzvaras dienas\u00bb svin\u0113t\u0101ji&hellip;\n","protected":false},"author":2,"featured_media":198842,"comment_status":"","ping_status":"","sticky":false,"template":"","format":"standard","meta":{"footnotes":"","_share_on_mastodon":"0"},"categories":[5],"tags":[34690,23,28,29,32,33,22,30,31,35,39,38,36,37,34,40,20,26,27,24,25,1579,138,2810,21],"class_list":["post-198841","post","type-post","status-publish","format-standard","has-post-thumbnail","category-aktualitates","tag-9-maijs","tag-aktualitates","tag-breaking-news","tag-breakingnews","tag-featured-news","tag-featurednews","tag-headlines","tag-latest-news","tag-latestnews","tag-latvia","tag-latvian","tag-latviesu","tag-latviesu-valoda","tag-latviesuvaloda","tag-latvija","tag-lv","tag-news","tag-popularakas-zinas","tag-popularakaszinas","tag-top-stories","tag-topstories","tag-valsts-drosibas-dienests","tag-valsts-policija","tag-zemessardze","tag-zinas"],"share_on_mastodon":{"url":"https:\/\/pubeurope.com\/@lv\/116549745609686582","error":""},"_links":{"self":[{"href":"https:\/\/www.europesays.com\/lv\/wp-json\/wp\/v2\/posts\/198841","targetHints":{"allow":["GET"]}}],"collection":[{"href":"https:\/\/www.europesays.com\/lv\/wp-json\/wp\/v2\/posts"}],"about":[{"href":"https:\/\/www.europesays.com\/lv\/wp-json\/wp\/v2\/types\/post"}],"author":[{"embeddable":true,"href":"https:\/\/www.europesays.com\/lv\/wp-json\/wp\/v2\/users\/2"}],"replies":[{"embeddable":true,"href":"https:\/\/www.europesays.com\/lv\/wp-json\/wp\/v2\/comments?post=198841"}],"version-history":[{"count":0,"href":"https:\/\/www.europesays.com\/lv\/wp-json\/wp\/v2\/posts\/198841\/revisions"}],"wp:featuredmedia":[{"embeddable":true,"href":"https:\/\/www.europesays.com\/lv\/wp-json\/wp\/v2\/media\/198842"}],"wp:attachment":[{"href":"https:\/\/www.europesays.com\/lv\/wp-json\/wp\/v2\/media?parent=198841"}],"wp:term":[{"taxonomy":"category","embeddable":true,"href":"https:\/\/www.europesays.com\/lv\/wp-json\/wp\/v2\/categories?post=198841"},{"taxonomy":"post_tag","embeddable":true,"href":"https:\/\/www.europesays.com\/lv\/wp-json\/wp\/v2\/tags?post=198841"}],"curies":[{"name":"wp","href":"https:\/\/api.w.org\/{rel}","templated":true}]}}