{"id":198925,"date":"2026-05-10T12:37:11","date_gmt":"2026-05-10T12:37:11","guid":{"rendered":"https:\/\/www.europesays.com\/lv\/198925\/"},"modified":"2026-05-10T12:37:11","modified_gmt":"2026-05-10T12:37:11","slug":"razma-pdc-eiropas-tures-posma-ieklust-astotdalfinala","status":"publish","type":"post","link":"https:\/\/www.europesays.com\/lv\/198925\/","title":{"rendered":"Razma PDC Eiropas t\u016bres posm\u0101 iek\u013c\u016bst astotda\u013cfin\u0101l\u0101"},"content":{"rendered":"<p>Razma vid\u0113ji pieg\u0101jien\u0101 guva 86,57 punktus un nosl\u0113dzo\u0161os metienus izpild\u012bja ar 37,5% precizit\u0101ti. Vi\u0146a pretinieks vid\u0113ji pieg\u0101jien\u0101 guva 92,01 punktus, izpild\u012bja divus 180 punktu g\u0101jienus un nosl\u0113dzo\u0161os metienus izpild\u012bja ar 50% precizit\u0101ti.<\/p>\n<p>Astotda\u013cfin\u0101l\u0101 Razmas pretinieks b\u016bs ar 16. numuru izs\u0113tais Zieme\u013c\u012brijas p\u0101rst\u0101vis Derils G\u0113rnijs (PDC 25.).<\/p>\n<p>Pirmaj\u0101 k\u0101rt\u0101 latvietis ar 6-4 p\u0101rsp\u0113ja n\u012bderlandieti Dirku van Deivenbodi (PDC 27.)<\/p>\n<p>\u0160autri\u0146u met\u0113ji turn\u012br\u0101 c\u012bn\u0101s par 230 000 Lielbrit\u0101nijas m\u0101rci\u0146u lielu balvu fondu.<\/p>\n<p class=\"tv3-fw-500\">Zi\u0146o par k\u013c\u016bdu rakst\u0101<\/p>\n<p class=\"d-md-block d-none\">Iez\u012bm\u0113 k\u013c\u016bdaino tekstu un spied Ctrl+Enter.<\/p>\n<p class=\"d-md-none d-block\">Iez\u012bm\u0113 k\u013c\u016bdaino tekstu un zi\u0146o par to!<\/p>\n","protected":false},"excerpt":{"rendered":"Razma vid\u0113ji pieg\u0101jien\u0101 guva 86,57 punktus un nosl\u0113dzo\u0161os metienus izpild\u012bja ar 37,5% precizit\u0101ti. Vi\u0146a pretinieks vid\u0113ji pieg\u0101jien\u0101 guva&hellip;\n","protected":false},"author":2,"featured_media":198926,"comment_status":"","ping_status":"","sticky":false,"template":"","format":"standard","meta":{"footnotes":"","_share_on_mastodon":"0"},"categories":[17],"tags":[35,39,38,36,37,34,40,36493,67],"class_list":["post-198925","post","type-post","status-publish","format-standard","has-post-thumbnail","category-sports","tag-latvia","tag-latvian","tag-latviesu","tag-latviesu-valoda","tag-latviesuvaloda","tag-latvija","tag-lv","tag-madars-razmasautrinassautrinu-mesana","tag-sports"],"share_on_mastodon":{"url":"https:\/\/pubeurope.com\/@lv\/116550319685339083","error":""},"_links":{"self":[{"href":"https:\/\/www.europesays.com\/lv\/wp-json\/wp\/v2\/posts\/198925","targetHints":{"allow":["GET"]}}],"collection":[{"href":"https:\/\/www.europesays.com\/lv\/wp-json\/wp\/v2\/posts"}],"about":[{"href":"https:\/\/www.europesays.com\/lv\/wp-json\/wp\/v2\/types\/post"}],"author":[{"embeddable":true,"href":"https:\/\/www.europesays.com\/lv\/wp-json\/wp\/v2\/users\/2"}],"replies":[{"embeddable":true,"href":"https:\/\/www.europesays.com\/lv\/wp-json\/wp\/v2\/comments?post=198925"}],"version-history":[{"count":0,"href":"https:\/\/www.europesays.com\/lv\/wp-json\/wp\/v2\/posts\/198925\/revisions"}],"wp:featuredmedia":[{"embeddable":true,"href":"https:\/\/www.europesays.com\/lv\/wp-json\/wp\/v2\/media\/198926"}],"wp:attachment":[{"href":"https:\/\/www.europesays.com\/lv\/wp-json\/wp\/v2\/media?parent=198925"}],"wp:term":[{"taxonomy":"category","embeddable":true,"href":"https:\/\/www.europesays.com\/lv\/wp-json\/wp\/v2\/categories?post=198925"},{"taxonomy":"post_tag","embeddable":true,"href":"https:\/\/www.europesays.com\/lv\/wp-json\/wp\/v2\/tags?post=198925"}],"curies":[{"name":"wp","href":"https:\/\/api.w.org\/{rel}","templated":true}]}}