{"id":199155,"date":"2026-05-10T18:24:18","date_gmt":"2026-05-10T18:24:18","guid":{"rendered":"https:\/\/www.europesays.com\/lv\/199155\/"},"modified":"2026-05-10T18:24:18","modified_gmt":"2026-05-10T18:24:18","slug":"narva-9-maija-pusnakti-atkal-pacelts-pretkara-plakats-ar-asinainu-putina-attelu-lente-lv","status":"publish","type":"post","link":"https:\/\/www.europesays.com\/lv\/199155\/","title":{"rendered":"Narv\u0101 9. maija pusnakt\u012b atkal pacelts pretkara plak\u0101ts ar asi\u0146ainu Putina att\u0113lu\u00a0\u2014\u00a0Lente.lv"},"content":{"rendered":"<p>Pretkara v\u0113st\u012bjums p\u0101r robe\u017eu<\/p>\n<p>\u0160ogad 9. maija pusnakt\u012b pie Igaunijas pils\u0113tas Narvas eso\u0161\u0101 Herma\u0146a pils karoga torn\u012b atkal pacelts plak\u0101ts ar asi\u0146ainu Krievijas prezidenta Vladimira Putina att\u0113lu un uzrakstu &#8220;Putins \u2013 kara noziedznieks&#8221;. \u0160\u012b ir jau vair\u0101kus gadus ilga trad\u012bcija, kas simboliski v\u0113rsta pret p\u0101ri Narvas upei eso\u0161o Krievijas pils\u0113tu Ivangorods.<\/p>\n<p>Plak\u0101ts, kas redzams ar\u012b no Krievijas puses, ir paredz\u0113ts k\u0101 pretkara un Krievijas agresijas Ukrain\u0101 nosod\u012bjuma v\u0113st\u012bjums. T\u0101 izvieto\u0161ana sakr\u012bt ar Krievijas tradicion\u0101lajiem &#8220;Uzvaras dienas&#8221; sv\u0113tku pas\u0101kumiem, vienlaikus Igaunij\u0101 \u0161\u012b diena tiek atz\u012bm\u0113ta k\u0101 Eiropas diena.<\/p>\n<p>Simboliska akcija pierobe\u017e\u0101<\/p>\n<p>Narvas pils jeb Herma\u0146a pils atrodas Narvas upes krast\u0101, tie\u0161i pret\u012b Krievijas Ivangorodas cietoksnim. \u0160\u012b atra\u0161an\u0101s vieta padara plak\u0101ta novieto\u0161anu par iev\u0113rojamu un simbolisku aktu, kas paredz\u0113ts, lai Krievijas iedz\u012bvot\u0101ji un varasiest\u0101des redz\u0113tu Igaunijas nost\u0101ju attiec\u012bb\u0101 uz Krievijas politiku un karu Ukrain\u0101.<\/p>\n<p>Narvas muzeja direktore Marija Smor\u017eevskiha-Smirnova iepriek\u0161 ir nor\u0101d\u012bjusi, ka plak\u0101ts tiek izvietots k\u0101 atg\u0101din\u0101jums par notieko\u0161o karu un Krievijas kara noziegumiem pret Ukrainas tautu. Vi\u0146a uzsv\u0113ra, ka Narvai k\u0101 pierobe\u017eas pils\u0113tai \u0161im datumam ir \u012bpa\u0161a noz\u012bme.<\/p>\n<p>Starptautiskais konteksts un dro\u0161\u012bbas pas\u0101kumi<\/p>\n<p>\u0160\u012b akcija notiek laik\u0101, kad starp Igauniju un Krieviju past\u0101v saspringtas attiec\u012bbas, ko pastiprina Krievijas agresija Ukrain\u0101. Ir biju\u0161i ar\u012b citi incidenti uz Narvas upes, piem\u0113ram, Krievijas robe\u017esargu patva\u013c\u012bga boju demont\u0101\u017ea Igaunijas \u016bde\u0146os un Krievijas robe\u017esargu neleg\u0101la kontroles l\u012bnijas \u0161\u0137\u0113rso\u0161ana. Lai nodro\u0161in\u0101tu k\u0101rt\u012bbu 9. maij\u0101, Narvas policija parasti pastiprina savu kl\u0101tb\u016btni pils\u0113t\u0101, \u012bpa\u0161i promen\u0101d\u0113, kur gaid\u0101ma palielin\u0101ta cilv\u0113ku pl\u016bsma.<\/p>\n<p>Pag\u0101ju\u0161ajos gados l\u012bdz\u0101s plak\u0101tam ar Putina att\u0113lu pie pils sien\u0101m tika izk\u0101rti ar\u012b Igaunijas, Eiropas Savien\u012bbas un Ukrainas karogi. \u0160\u0101di pas\u0101kumi uzsver Igaunijas un Eiropas solidarit\u0101ti ar Ukrainu.<\/p>\n<p>Narvas muzeja iniciat\u012bva un Eiropas dienas svin\u012bbas<\/p>\n<p>Narvas muzejs ir inici\u0113jis \u0161o plak\u0101ta izvieto\u0161anas trad\u012bciju, lai gan tas nav vien\u012bgais pas\u0101kums, kas saist\u012bts ar 9. maiju Narv\u0101. Paral\u0113li Krievijas svin\u012bb\u0101m Ivangorod\u0101, Narv\u0101 notiek ar\u012b Eiropas dienas pas\u0101kumi, tostarp koncerti un izst\u0101des, kas v\u0113rstas uz Eiropas v\u0113rt\u012bbu un kult\u016bras populariz\u0113\u0161anu. P\u0113d\u0113jos gados muzejs ir r\u012bkojis ar\u012b izst\u0101des un filmas seansus, kas velt\u012bti kara ietekmei uz cilv\u0113ku dz\u012bvi un nepiecie\u0161am\u012bbai saglab\u0101t atmi\u0146u.<\/p>\n<p>\u0160ogad, t\u0101pat k\u0101 iepriek\u0161\u0113jos gadus, plak\u0101ts ir redzams gan Igaunijas, gan Krievijas pus\u0113, atg\u0101dinot par politisko un \u0123eopolitisko situ\u0101ciju re\u0123ion\u0101.<\/p>\n","protected":false},"excerpt":{"rendered":"Pretkara v\u0113st\u012bjums p\u0101r robe\u017eu \u0160ogad 9. maija pusnakt\u012b pie Igaunijas pils\u0113tas Narvas eso\u0161\u0101 Herma\u0146a pils karoga torn\u012b atkal&hellip;\n","protected":false},"author":2,"featured_media":199156,"comment_status":"","ping_status":"","sticky":false,"template":"","format":"standard","meta":{"footnotes":"","_share_on_mastodon":"0"},"categories":[14],"tags":[34690,23,57,28,29,32,33,22,30,31,35,39,38,36,37,34,40,16406,20,26,27,36516,24,25,276,235,54,55,56,21,58],"class_list":["post-199155","post","type-post","status-publish","format-standard","has-post-thumbnail","category-zinas-no-arvalstim","tag-9-maijs","tag-aktualitates","tag-arvalstim","tag-breaking-news","tag-breakingnews","tag-featured-news","tag-featurednews","tag-headlines","tag-latest-news","tag-latestnews","tag-latvia","tag-latvian","tag-latviesu","tag-latviesu-valoda","tag-latviesuvaloda","tag-latvija","tag-lv","tag-narva","tag-news","tag-popularakas-zinas","tag-popularakaszinas","tag-pretkara-plakats","tag-top-stories","tag-topstories","tag-ukraina","tag-vladimirs-putins","tag-world","tag-world-news","tag-worldnews","tag-zinas","tag-zinas-no-arvalstim"],"share_on_mastodon":{"url":"https:\/\/pubeurope.com\/@lv\/116551684212871959","error":""},"_links":{"self":[{"href":"https:\/\/www.europesays.com\/lv\/wp-json\/wp\/v2\/posts\/199155","targetHints":{"allow":["GET"]}}],"collection":[{"href":"https:\/\/www.europesays.com\/lv\/wp-json\/wp\/v2\/posts"}],"about":[{"href":"https:\/\/www.europesays.com\/lv\/wp-json\/wp\/v2\/types\/post"}],"author":[{"embeddable":true,"href":"https:\/\/www.europesays.com\/lv\/wp-json\/wp\/v2\/users\/2"}],"replies":[{"embeddable":true,"href":"https:\/\/www.europesays.com\/lv\/wp-json\/wp\/v2\/comments?post=199155"}],"version-history":[{"count":0,"href":"https:\/\/www.europesays.com\/lv\/wp-json\/wp\/v2\/posts\/199155\/revisions"}],"wp:featuredmedia":[{"embeddable":true,"href":"https:\/\/www.europesays.com\/lv\/wp-json\/wp\/v2\/media\/199156"}],"wp:attachment":[{"href":"https:\/\/www.europesays.com\/lv\/wp-json\/wp\/v2\/media?parent=199155"}],"wp:term":[{"taxonomy":"category","embeddable":true,"href":"https:\/\/www.europesays.com\/lv\/wp-json\/wp\/v2\/categories?post=199155"},{"taxonomy":"post_tag","embeddable":true,"href":"https:\/\/www.europesays.com\/lv\/wp-json\/wp\/v2\/tags?post=199155"}],"curies":[{"name":"wp","href":"https:\/\/api.w.org\/{rel}","templated":true}]}}