{"id":19919,"date":"2025-10-13T08:44:13","date_gmt":"2025-10-13T08:44:13","guid":{"rendered":"https:\/\/www.europesays.com\/lv\/19919\/"},"modified":"2025-10-13T08:44:13","modified_gmt":"2025-10-13T08:44:13","slug":"leopoldstate-uz-dailes-teatra-skatuves-lente-lv","status":"publish","type":"post","link":"https:\/\/www.europesays.com\/lv\/19919\/","title":{"rendered":"&#8220;Leopold\u0161tate&#8221; uz Dailes te\u0101tra skatuves\u00a0\u2014\u00a0Lente.lv"},"content":{"rendered":"<p>D\u017eona Malkovi\u010da re\u017eis\u0113t\u0101 \u201cLeopold\u0161tate\u201d \u2013 dzi\u013ca p\u0101rdomu telpa Dailes te\u0101tr\u012b<\/p>\n<p>Slavenais amerik\u0101\u0146u aktieris un re\u017eisors D\u017eons Malkovi\u010ds, kur\u0161 paz\u012bstams ar savu unik\u0101lo talantu un neaizmirstamaj\u0101m lom\u0101m, \u0161obr\u012bd Dailes te\u0101tr\u012b ir non\u0101cis jaun\u0101 amplu\u0101, st\u0101joties re\u017eisora lom\u0101 izr\u0101dei \u201cLeopold\u0161tate\u201d. \u0160is iespaid\u012bgais iestud\u0113jums, kas tapis p\u0113c britu dramaturga Toma Stoparda lugas mot\u012bviem, ir ne tikai par v\u0113sturi, bet ar\u012b par cilv\u0113c\u012bbu, izdz\u012bvo\u0161anu un sp\u0113ju saskat\u012bt gaismu pat visdzi\u013c\u0101kaj\u0101 tums\u0101.<\/p>\n<p>Par izr\u0101di un t\u0101s tap\u0161anu<\/p>\n<p>\u201cLeopold\u0161tate\u201d ir st\u0101sts par k\u0101du ebreju \u0123imeni V\u012bn\u0113 20. gadsimta s\u0101kum\u0101, atspogu\u013cojot vi\u0146u dz\u012bves dramatisko pagriezienu virkni, kas saist\u012btas ar v\u0113sturiskiem notikumiem, tai skait\u0101 holokaustu. Izr\u0101de, kas pirmo reizi tika demonstr\u0113ta Latvij\u0101 2023. gada septembr\u012b, ir izpeln\u012bjusies gan kriti\u0137u atzin\u012bbu, gan skat\u012bt\u0101ju saj\u016bsmu. Malkovi\u010ds, kur\u0161 pats ir viesojies R\u012bg\u0101 ar\u012b k\u0101 aktieris, atzina, ka vi\u0146u fascin\u0113 V\u012bnes v\u0113sture un V\u012bnes ebreju kopienas noz\u012bme pils\u0113tas veidol\u0101. Vi\u0146\u0161 uzsv\u0113ris, ka \u201cLeopold\u0161tate\u201d ir \u013coti svar\u012bga t\u0113ma, kas joproj\u0101m ir aktu\u0101la, jo v\u0113sture atk\u0101rtojas un nav vienm\u0113r iepriecino\u0161a. Malkovi\u010dam \u0161\u012b sadarb\u012bba ar Latvijas aktieriem bijusi dabiska un v\u0113rt\u012bga pieredze. K\u0101 vi\u0146\u0161 pats ir teicis, te\u0101tris ir k\u0101 s\u0113rfo\u0161ana \u2013 ir j\u0101gaida \u012bstais vilnis, lai taj\u0101 iek\u0101ptu un rad\u012btu ko patiesi sp\u0113c\u012bgu.<\/p>\n<p>Malkovi\u010da pieeja re\u017eijai<\/p>\n<p>D\u017eons Malkovi\u010ds izr\u0101des tap\u0161an\u0101 iesaist\u012bjis daudznacion\u0101lu m\u0101kslinieku komandu, tai skait\u0101 fran\u010du, v\u0101cu un krievu speci\u0101listus, radot unik\u0101lu un daudzsl\u0101\u0146ainu m\u0101kslas darbu. Vi\u0146\u0161 ir slav\u0113jis Latvijas aktieru talantu un profesion\u0101lismu, pau\u017eot gatav\u012bbu atk\u0101rtoti str\u0101d\u0101t ar \u0161o komandu. Malkovi\u010ds pats nav ierauts politiskajos aspektos, bet vair\u0101k koncentr\u0113jies uz st\u0101stu par konkr\u0113tu \u0123imeni un t\u0101s locek\u013cu likte\u0146iem, uzsverot cilv\u0113cisk\u0101s sp\u0113jas gan br\u012bni\u0161\u0137\u012bg\u0101s, gan ar\u012b ne tik br\u012bni\u0161\u0137\u012bg\u0101s izpausm\u0113s. Vi\u0146apr\u0101t, ir vienm\u0113r v\u0113rt\u012bgi atg\u0101din\u0101t cilv\u0113kiem par to, uz ko m\u0113s k\u0101 suga sp\u0113jam. Malkovi\u010ds nav vienaldz\u012bgs pret \u0161o tematu, jo vi\u0146a pa\u0161a vecm\u0101mi\u0146as tika izdz\u012btas, un vi\u0146\u0161 atz\u012bst, ka holokausta barbariskums un ne\u017e\u0113l\u012bba joproj\u0101m ir gr\u016bti aptverama pat vi\u0146a izt\u0113lei.<\/p>\n<p>\u201cTe\u0101tris.zip\u201d \u2013 izr\u0101de skat\u012bt\u0101jiem pieejama tie\u0161saist\u0113<\/p>\n<p>Lai skat\u012bt\u0101ji var\u0113tu izbaud\u012bt \u0161o aizkustino\u0161o un p\u0101rdomu rosino\u0161o izr\u0101di, t\u0101 ir pieejama Latvijas Sabiedrisk\u0101 medija vietn\u0113 Replay.lv, raid\u012bjuma \u201cTe\u0101tris.zip\u201d sada\u013c\u0101. \u0160\u012b platforma pied\u0101v\u0101 unik\u0101lu iesp\u0113ju iepaz\u012bties ar Latvijas te\u0101tru iestud\u0113jumiem, nodro\u0161inot kult\u016bras pieejam\u012bbu pla\u0161\u0101kai auditorijai. Raid\u012bjums \u201cTe\u0101tris.zip\u201d bie\u017ei vien pirms izr\u0101des pied\u0101v\u0101 sarunas ar izr\u0101des veidot\u0101jiem, tai skait\u0101 aktris\u0113m Vitu V\u0101rpi\u0146u un Lidiju Pupuri, kuras dal\u0101s sav\u0101s atzi\u0146\u0101s par \u201cLeopold\u0161tates\u201d tap\u0161anas procesu, sadarb\u012bbu ar re\u017eisoru un person\u012bgi svar\u012bg\u0101m p\u0101rdom\u0101m. \u0160\u012b iesp\u0113ja \u013cauj skat\u012bt\u0101jiem dzi\u013c\u0101k izprast izr\u0101des noz\u012bmi un v\u0113st\u012bjumu.<\/p>\n<p>Atzin\u012bbas un starptautisk\u0101 rezonanse<\/p>\n<p>Toma Stoparda luga \u201cLeopold\u0161tate\u201d ir ieguvusi vair\u0101kas presti\u017eas balvas, tai skait\u0101 Tonija balvas par lab\u0101ko lugu 2023. gad\u0101, kas apliecina t\u0101s augsto m\u0101ksliniecisko v\u0113rt\u012bbu. Malkovi\u010da re\u017eis\u0113t\u0101 latvie\u0161u valodas iestud\u0113juma pirmizr\u0101de notika 2023. gada 15. septembr\u012b Dailes te\u0101tr\u012b, un t\u0101 nekav\u0113joties izpeln\u012bj\u0101s iev\u0113rojamu uzman\u012bbu un pla\u0161as ov\u0101cijas. Dailes te\u0101tris ar \u0161o iestud\u0113jumu ir apliecin\u0101jis savu sp\u0113ju rad\u012bt starptautiska m\u0113roga notikumus, uz\u0146emot un \u012bstenojot projektus ar pasaules l\u012bme\u0146a m\u0101ksliniekiem. Malkovi\u010ds, kur\u0161 pats ir bijis ar\u012b uz Dailes te\u0101tra skatuves k\u0101 aktieris, atz\u012bst, ka sadarb\u012bba ar te\u0101tra vad\u012bbu bijusi pat\u012bkama un profesion\u0101la, un vi\u0146\u0161 b\u016btu priec\u012bgs atgriezties R\u012bg\u0101, lai turpin\u0101tu darbu pie jauniem projektiem. Izr\u0101de ir izpeln\u012bjusies ar\u012b starptautisku atzin\u012bbu, un par to ir rakst\u012bts gan ASV, gan cit\u0101s pasaules valst\u012bs, uzsverot Malkovi\u010da unik\u0101lo re\u017eisora talantu un lugas dzi\u013co saturu.<\/p>\n","protected":false},"excerpt":{"rendered":"D\u017eona Malkovi\u010da re\u017eis\u0113t\u0101 \u201cLeopold\u0161tate\u201d \u2013 dzi\u013ca p\u0101rdomu telpa Dailes te\u0101tr\u012b Slavenais amerik\u0101\u0146u aktieris un re\u017eisors D\u017eons Malkovi\u010ds, kur\u0161&hellip;\n","protected":false},"author":2,"featured_media":19920,"comment_status":"","ping_status":"","sticky":false,"template":"","format":"standard","meta":{"footnotes":""},"categories":[19],"tags":[454,6241,89,90,35,39,38,36,37,34,6466,40,1162,6467],"class_list":{"0":"post-19919","1":"post","2":"type-post","3":"status-publish","4":"format-standard","5":"has-post-thumbnail","7":"category-izklaide","8":"tag-dailes-teatris","9":"tag-dzons-malkovics","10":"tag-entertainment","11":"tag-izklaide","12":"tag-latvia","13":"tag-latvian","14":"tag-latviesu","15":"tag-latviesu-valoda","16":"tag-latviesuvaloda","17":"tag-latvija","18":"tag-leopoldstate","19":"tag-lv","20":"tag-teatris-zip","21":"tag-toms-stopards"},"share_on_mastodon":{"url":"","error":""},"_links":{"self":[{"href":"https:\/\/www.europesays.com\/lv\/wp-json\/wp\/v2\/posts\/19919","targetHints":{"allow":["GET"]}}],"collection":[{"href":"https:\/\/www.europesays.com\/lv\/wp-json\/wp\/v2\/posts"}],"about":[{"href":"https:\/\/www.europesays.com\/lv\/wp-json\/wp\/v2\/types\/post"}],"author":[{"embeddable":true,"href":"https:\/\/www.europesays.com\/lv\/wp-json\/wp\/v2\/users\/2"}],"replies":[{"embeddable":true,"href":"https:\/\/www.europesays.com\/lv\/wp-json\/wp\/v2\/comments?post=19919"}],"version-history":[{"count":0,"href":"https:\/\/www.europesays.com\/lv\/wp-json\/wp\/v2\/posts\/19919\/revisions"}],"wp:featuredmedia":[{"embeddable":true,"href":"https:\/\/www.europesays.com\/lv\/wp-json\/wp\/v2\/media\/19920"}],"wp:attachment":[{"href":"https:\/\/www.europesays.com\/lv\/wp-json\/wp\/v2\/media?parent=19919"}],"wp:term":[{"taxonomy":"category","embeddable":true,"href":"https:\/\/www.europesays.com\/lv\/wp-json\/wp\/v2\/categories?post=19919"},{"taxonomy":"post_tag","embeddable":true,"href":"https:\/\/www.europesays.com\/lv\/wp-json\/wp\/v2\/tags?post=19919"}],"curies":[{"name":"wp","href":"https:\/\/api.w.org\/{rel}","templated":true}]}}