{"id":19923,"date":"2025-10-13T08:47:15","date_gmt":"2025-10-13T08:47:15","guid":{"rendered":"https:\/\/www.europesays.com\/lv\/19923\/"},"modified":"2025-10-13T08:47:15","modified_gmt":"2025-10-13T08:47:15","slug":"vinted-beidzot-latvija-ka-tas-ietekmes-andeli-mandeli-apollo-lv","status":"publish","type":"post","link":"https:\/\/www.europesays.com\/lv\/19923\/","title":{"rendered":"&quot;Vinted&quot; beidzot Latvij\u0101 \u2013 k\u0101 tas ietekm\u0113s &quot;Andeli Mandeli&quot;? &#8211; Apollo.lv"},"content":{"rendered":"<ol>\n<li><a href=\"https:\/\/news.google.com\/rss\/articles\/CBMiiwFBVV95cUxORkFfU0x5VUQxa0ZIZGswMzYydEg0c0RCMkpWWng2TnZ3Z3J3bG9kdzJqMzhzcmFoUVlIdGFlVW1kSXNkWDQ1dHpEaXpkdVBDU05VdkVlYVVWOWRaV0doWnNUcldHellsYThCbXZlb0JLQzlhODIwTnhYTk9UUW9tNGVyUm1aMkNaMlU4?oc=5\" target=\"_blank\" rel=\"nofollow noopener\">&#8220;Vinted&#8221; beidzot Latvij\u0101 \u2013 k\u0101 tas ietekm\u0113s &#8220;Andeli Mandeli&#8221;?<\/a>&nbsp;&nbsp;Apollo.lv<\/li>\n<li><a href=\"https:\/\/news.google.com\/rss\/articles\/CBMihAFBVV95cUxQRXN2R0lielo5OFpBSVRCZ25McVprRnN0YlJPZ1hOcVRWV3RzR0NxdE1BaUdMZVQ4NWNVZE1QeWFKTjhHZUZLRVJwdXhpYmpqN1ZpU3VKbnFMX1BhTXVfeVM5dTVvR3lWSEJodldTd0NrN3R0SUUxbW1SZGtkUGNnb2RhaXk?oc=5\" target=\"_blank\" rel=\"nofollow noopener\">P\u0113r\u013cu mednie\u010du duelis: &#8220;Andele Mandele&#8221; pret &#8220;Vinted&#8221;<\/a>&nbsp;&nbsp;Apollo.lv<\/li>\n<li><a href=\"https:\/\/news.google.com\/rss\/articles\/CBMiqgFBVV95cUxOOUJBNHYtZVIxOVpDZ0kwRkxMNEFQSDJKUi15anRsb184RlZOd2VQX19DcFBWdDd4djFGNVFZUGc3T3BPTDE1OWh2YkVIdnB4RXJIOC1fa25vWkk2dmRqRWJNYUhfZ1dXUVFpY05WeGgyWll0bjhVWmpKVFF6SlR4amQ2NVFZQklVbncxZXZOdDZlMTBtaFJMZDlXeDFZRTkzOGFRU3Z0TFA0QQ?oc=5\" target=\"_blank\" rel=\"nofollow noopener\">Latvij\u0101 darbu s\u0101kusi popul\u0101r\u0101 lietotu ap\u0123\u0113rbu p\u0101rdo\u0161anas vietne \u201cVinted\u201d; latvietes saj\u016bsm\u0101<\/a>&nbsp;&nbsp;LA.LV<\/li>\n<li><a href=\"https:\/\/news.google.com\/rss\/articles\/CBMimgFBVV95cUxOM25xZjRqZEU1UmdoVVJKQUxKbU53M0hkaW9XbGJsRjR6SDM3LWRkczB2R3RyTUJMa0N5NkdaR3IxRjRzaDRJUkJzUlRXZlFSNXVkc2oyMmE0X2MtQmZ4X28xcFBDeEJGU1dfUGZMQUNDQVNnaUZiOW9MNEI2YmxaR2tTc19PdnRwMHhKLWhFR05zeVNjaXNrWFRR?oc=5\" target=\"_blank\" rel=\"nofollow noopener\">Lietuvas lietotu ap\u0123\u0113rbu tirgot\u0101js \u201cVinted\u201d beidzot ien\u0101k Latvij\u0101<\/a>&nbsp;&nbsp;Kursors.lv<\/li>\n<li><a href=\"https:\/\/news.google.com\/rss\/articles\/CBMilgFBVV95cUxNSFpYdHNMZjVjU2RUaHRyNzVudG5sbGZLc3BJRkk1V1ItNXBsU3EwYWtQQnV1NkdwaEZBRDNBVmZfdUNHakZVU3ZQUE5JQk5BMkF4bzl6X3NGekdaeTRWU3IzZjNtU1c1NHEweV9WRGh0TmRJVWJMTDlOcHlPY1Z2dmhqWDlBYmRhcjg4NzRDU3NTbTZjaFE?oc=5\" target=\"_blank\" rel=\"nofollow noopener\">Par ien\u0101k\u0161anu Latvijas tirg\u016b pazi\u0146o slavenais &#8220;Vinted&#8221;<\/a>&nbsp;&nbsp;Jauns.lv<\/li>\n<\/ol>\n","protected":false},"excerpt":{"rendered":"&#8220;Vinted&#8221; beidzot Latvij\u0101 \u2013 k\u0101 tas ietekm\u0113s &#8220;Andeli Mandeli&#8221;?&nbsp;&nbsp;Apollo.lv P\u0113r\u013cu mednie\u010du duelis: &#8220;Andele Mandele&#8221; pret &#8220;Vinted&#8221;&nbsp;&nbsp;Apollo.lv Latvij\u0101 darbu&hellip;\n","protected":false},"author":2,"featured_media":19924,"comment_status":"","ping_status":"","sticky":false,"template":"","format":"standard","meta":{"footnotes":""},"categories":[14],"tags":[23,6316,57,77,28,29,32,33,22,30,31,35,39,38,36,37,34,40,20,26,27,733,3545,24,25,3149,54,55,56,21,58],"class_list":{"0":"post-19923","1":"post","2":"type-post","3":"status-publish","4":"format-standard","5":"has-post-thumbnail","7":"category-zinas-no-arvalstim","8":"tag-aktualitates","9":"tag-andele-mandele","10":"tag-arvalstim","11":"tag-bizness","12":"tag-breaking-news","13":"tag-breakingnews","14":"tag-featured-news","15":"tag-featurednews","16":"tag-headlines","17":"tag-latest-news","18":"tag-latestnews","19":"tag-latvia","20":"tag-latvian","21":"tag-latviesu","22":"tag-latviesu-valoda","23":"tag-latviesuvaloda","24":"tag-latvija","25":"tag-lv","26":"tag-news","27":"tag-popularakas-zinas","28":"tag-popularakaszinas","29":"tag-tirdznieciba","30":"tag-tirdznieciba-un-pakalpojumi","31":"tag-top-stories","32":"tag-topstories","33":"tag-tvnet-bizness","34":"tag-world","35":"tag-world-news","36":"tag-worldnews","37":"tag-zinas","38":"tag-zinas-no-arvalstim"},"share_on_mastodon":{"url":"","error":""},"_links":{"self":[{"href":"https:\/\/www.europesays.com\/lv\/wp-json\/wp\/v2\/posts\/19923","targetHints":{"allow":["GET"]}}],"collection":[{"href":"https:\/\/www.europesays.com\/lv\/wp-json\/wp\/v2\/posts"}],"about":[{"href":"https:\/\/www.europesays.com\/lv\/wp-json\/wp\/v2\/types\/post"}],"author":[{"embeddable":true,"href":"https:\/\/www.europesays.com\/lv\/wp-json\/wp\/v2\/users\/2"}],"replies":[{"embeddable":true,"href":"https:\/\/www.europesays.com\/lv\/wp-json\/wp\/v2\/comments?post=19923"}],"version-history":[{"count":0,"href":"https:\/\/www.europesays.com\/lv\/wp-json\/wp\/v2\/posts\/19923\/revisions"}],"wp:featuredmedia":[{"embeddable":true,"href":"https:\/\/www.europesays.com\/lv\/wp-json\/wp\/v2\/media\/19924"}],"wp:attachment":[{"href":"https:\/\/www.europesays.com\/lv\/wp-json\/wp\/v2\/media?parent=19923"}],"wp:term":[{"taxonomy":"category","embeddable":true,"href":"https:\/\/www.europesays.com\/lv\/wp-json\/wp\/v2\/categories?post=19923"},{"taxonomy":"post_tag","embeddable":true,"href":"https:\/\/www.europesays.com\/lv\/wp-json\/wp\/v2\/tags?post=19923"}],"curies":[{"name":"wp","href":"https:\/\/api.w.org\/{rel}","templated":true}]}}