{"id":199848,"date":"2026-05-11T13:11:12","date_gmt":"2026-05-11T13:11:12","guid":{"rendered":"https:\/\/www.europesays.com\/lv\/199848\/"},"modified":"2026-05-11T13:11:12","modified_gmt":"2026-05-11T13:11:12","slug":"daugavpili-pielietots-saujamierocis-noversot-nelikumigu-robezas-skersosanu","status":"publish","type":"post","link":"https:\/\/www.europesays.com\/lv\/199848\/","title":{"rendered":"Daugavpil\u012b pielietots \u0161aujamierocis, nov\u0113r\u0161ot nelikum\u012bgu robe\u017eas \u0161\u0137\u0113rso\u0161anu"},"content":{"rendered":"<p>Policisti nekav\u0113joties uzs\u0101ka transportl\u012bdzek\u013ca vaj\u0101\u0161anu, kuras rezult\u0101t\u0101 automa\u0161\u012bna tika aptur\u0113ta Daugavpil\u012b, ta\u010du vad\u012bt\u0101js un pasa\u017eieri met\u0101s b\u0113gt da\u017e\u0101dos virzienos. Policisti veica br\u012bdin\u0101juma \u0161\u0101vienu gais\u0101, p\u0113c k\u0101 izdev\u0101s aiztur\u0113t vienu personu.<\/p>\n<p>Atbalsta snieg\u0161anai piesaist\u012btas vair\u0101kas Valsts policijas un Daugavpils pa\u0161vald\u012bbas policijas ekip\u0101\u017eas, k\u0101 ar\u012b Valsts robe\u017esardzes Daugavpils p\u0101rvaldes Krimin\u0101lizmekl\u0113\u0161anas p\u0101rvaldes operat\u012bvie darbinieki un kinologs ar dienesta suni.<\/p>\n<p>Veikto pas\u0101kumu rezult\u0101t\u0101 Valsts policijas amatpersonas aiztur\u0113ja p\u0101rvad\u0101t\u0101ju \u2013 Francijas pilsoni un tr\u012bs pasa\u017eierus, savuk\u0101rt Valsts robe\u017esardzes operat\u012bvie darbinieki kop\u0101 ar kinologu k\u0101d\u0101 pamest\u0101 m\u0101j\u0101 aiztur\u0113ja v\u0113l divus automa\u0161\u012bnas pasa\u017eierus.<\/p>\n<p>Apst\u0101k\u013cu noskaidro\u0161anas laik\u0101 konstat\u0113ts, ka automa\u0161\u012bnas pasa\u017eieriem nav der\u012bgu ce\u013co\u0161anas dokumentu un der\u012bgu v\u012bzu un uztur\u0113\u0161an\u0101s at\u013cauju.<\/p>\n<p>Pret p\u0101rvad\u0101t\u0101ju uzs\u0101kts krimin\u0101lprocess p\u0113c Krimin\u0101llikuma 285. 1. panta tre\u0161\u0101s da\u013cas par liela personu skaita nodro\u0161in\u0101\u0161anu ar iesp\u0113ju nelikum\u012bgi uztur\u0113ties Latvijas Republik\u0101.<\/p>\n<p class=\"ad-desc ad-desc-main\">Saturs turpin\u0101s p\u0113c rekl\u0101mas<\/p>\n<p class=\"ad-desc ad-desc-sec\">Rekl\u0101ma<\/p>\n<p>Se\u0161as personas attur\u0113tas no nelikum\u012bgas valsts robe\u017eas \u0161\u0137\u0113rso\u0161anas saska\u0146\u0101 ar Valsts robe\u017esardzes likuma 4. pantu.<\/p>\n<p>Valsts robe\u017esardze atk\u0101rtoti aicina iedz\u012bvot\u0101jus neiesaist\u012bties nelikum\u012bg\u0101s darb\u012bb\u0101s un atg\u0101dina, ka par iesaisti paredz\u0113ti bargi sodi \u2013 par personu nelikum\u012bgas p\u0101rvieto\u0161anas organiz\u0113\u0161anu un atbalst\u012b\u0161anu likump\u0101rk\u0101p\u0113ji var tikt sod\u012bti ar br\u012bv\u012bbas at\u0146em\u0161anu uz laiku no diviem l\u012bdz pat desmit gadiem, konfisc\u0113jot mantu vai bez mantas konfisk\u0101cijas, un ar prob\u0101cijas uzraudz\u012bbu uz laiku l\u012bdz trim gadiem vai bez t\u0101s.<\/p>\n<p>Jau zi\u0146ots, ka 7. maij\u0101 p\u0113c paka\u013cdz\u012b\u0161an\u0101s un \u0161aujamiero\u010da izmanto\u0161anas robe\u017esargi Aug\u0161daugavas novad\u0101 aiztur\u0113ja nelikum\u012bgi valsts robe\u017eu \u0161\u0137\u0113rsoju\u0161u personu p\u0101rvad\u0101t\u0101ju. V\u0113l tr\u012bs p\u0101rvad\u0101t\u0101ji aiztur\u0113ti Kr\u0101slavas un Prei\u013cu novados. No nelikum\u012bgas valsts robe\u017eas \u0161\u0137\u0113rso\u0161anas attur\u0113tas 16 personas.<\/p>\n<p class=\"tv3-fw-500\">Zi\u0146o par k\u013c\u016bdu rakst\u0101<\/p>\n<p class=\"d-md-block d-none\">Iez\u012bm\u0113 k\u013c\u016bdaino tekstu un spied Ctrl+Enter.<\/p>\n<p class=\"d-md-none d-block\">Iez\u012bm\u0113 k\u013c\u016bdaino tekstu un zi\u0146o par to!<\/p>\n","protected":false},"excerpt":{"rendered":"Policisti nekav\u0113joties uzs\u0101ka transportl\u012bdzek\u013ca vaj\u0101\u0161anu, kuras rezult\u0101t\u0101 automa\u0161\u012bna tika aptur\u0113ta Daugavpil\u012b, ta\u010du vad\u012bt\u0101js un pasa\u017eieri met\u0101s b\u0113gt da\u017e\u0101dos&hellip;\n","protected":false},"author":2,"featured_media":199849,"comment_status":"","ping_status":"","sticky":false,"template":"","format":"standard","meta":{"footnotes":"","_share_on_mastodon":"0"},"categories":[5],"tags":[23,28,29,36583,32,33,22,30,31,35,39,38,36,37,34,40,20,26,27,24,25,21],"class_list":["post-199848","post","type-post","status-publish","format-standard","has-post-thumbnail","category-aktualitates","tag-aktualitates","tag-breaking-news","tag-breakingnews","tag-daugavpilslatvijas-robezsardze","tag-featured-news","tag-featurednews","tag-headlines","tag-latest-news","tag-latestnews","tag-latvia","tag-latvian","tag-latviesu","tag-latviesu-valoda","tag-latviesuvaloda","tag-latvija","tag-lv","tag-news","tag-popularakas-zinas","tag-popularakaszinas","tag-top-stories","tag-topstories","tag-zinas"],"share_on_mastodon":{"url":"https:\/\/pubeurope.com\/@lv\/116556115835989695","error":""},"_links":{"self":[{"href":"https:\/\/www.europesays.com\/lv\/wp-json\/wp\/v2\/posts\/199848","targetHints":{"allow":["GET"]}}],"collection":[{"href":"https:\/\/www.europesays.com\/lv\/wp-json\/wp\/v2\/posts"}],"about":[{"href":"https:\/\/www.europesays.com\/lv\/wp-json\/wp\/v2\/types\/post"}],"author":[{"embeddable":true,"href":"https:\/\/www.europesays.com\/lv\/wp-json\/wp\/v2\/users\/2"}],"replies":[{"embeddable":true,"href":"https:\/\/www.europesays.com\/lv\/wp-json\/wp\/v2\/comments?post=199848"}],"version-history":[{"count":0,"href":"https:\/\/www.europesays.com\/lv\/wp-json\/wp\/v2\/posts\/199848\/revisions"}],"wp:featuredmedia":[{"embeddable":true,"href":"https:\/\/www.europesays.com\/lv\/wp-json\/wp\/v2\/media\/199849"}],"wp:attachment":[{"href":"https:\/\/www.europesays.com\/lv\/wp-json\/wp\/v2\/media?parent=199848"}],"wp:term":[{"taxonomy":"category","embeddable":true,"href":"https:\/\/www.europesays.com\/lv\/wp-json\/wp\/v2\/categories?post=199848"},{"taxonomy":"post_tag","embeddable":true,"href":"https:\/\/www.europesays.com\/lv\/wp-json\/wp\/v2\/tags?post=199848"}],"curies":[{"name":"wp","href":"https:\/\/api.w.org\/{rel}","templated":true}]}}