{"id":19990,"date":"2025-10-13T09:52:15","date_gmt":"2025-10-13T09:52:15","guid":{"rendered":"https:\/\/www.europesays.com\/lv\/19990\/"},"modified":"2025-10-13T09:52:15","modified_gmt":"2025-10-13T09:52:15","slug":"lmt-un-kurekss-ievies-pirmo-privato-5g-tiklu-baltijas-kokapstrades-nozare-dienas-bizness","status":"publish","type":"post","link":"https:\/\/www.europesays.com\/lv\/19990\/","title":{"rendered":"LMT un Kurekss ievie\u0161 pirmo priv\u0101to 5G t\u012bklu Baltijas kokapstr\u0101des nozar\u0113 :: Dienas Bizness"},"content":{"rendered":"<p class=\"text-font font-size--text-xlarge margin-3--bottom font-weight--bold padding-1--top\">Tehnolo\u0123iju uz\u0146\u0113mums LMT sadarb\u012bb\u0101 ar kokapstr\u0101des uz\u0146\u0113mumu \u201cKurekss\u201d uzst\u0101d\u012bjis pirmo priv\u0101to 5G t\u012bklu Baltijas valst\u012bs \u0161\u0101da veida ra\u017eo\u0161anas uz\u0146\u0113mum\u0101. \u0160is projekts iez\u012bm\u0113 jaunu posmu r\u016bpniec\u012bbas digitaliz\u0101cij\u0101, nodro\u0161inot augst\u0101ku efektivit\u0101ti, dro\u0161\u012bbu un inov\u0101ciju iesp\u0113jas kokapstr\u0101des nozar\u0113.<\/p>\n<p class=\"text-font font-size--text-xlarge margin-3--bottom\">Priv\u0101tais 5G t\u012bkls ir uz\u0146\u0113muma vajadz\u012bb\u0101m izveidots sl\u0113gts mobilais t\u012bkls, kas darbojas neatkar\u012bgi no publisk\u0101 t\u012bkla. Tas nodro\u0161ina stabilu un \u0101tru datu p\u0101rraidi, dro\u0161\u012bbu un iesp\u0113ju savienot da\u017e\u0101das iek\u0101rtas \u2013 no ra\u017eo\u0161anas l\u012bnijas sensoriem l\u012bdz plan\u0161et\u0113m un autonom\u0101m iek\u0101rt\u0101m. At\u0161\u0137ir\u012bb\u0101 no Wi-Fi, 5G t\u012bkls nodro\u0161ina uzticamu savienojumu ar\u012b kust\u012bb\u0101, kas ir b\u016btiski liel\u0101s ra\u017eo\u0161anas teritorij\u0101s.<\/p>\n<p class=\"text-font font-size--text-xlarge margin-3--bottom\">LMT prezidents Juris Binde uzsver: \u201cPriv\u0101tie 5G t\u012bkli ir b\u016btisks solis industri\u0101l\u0101s digitaliz\u0101cijas att\u012bst\u012bb\u0101. Tie \u013cauj uz\u0146\u0113mumiem ieviest risin\u0101jumus, kas prasa \u012bpa\u0161i \u0101tru, stabilu un dro\u0161u savienojumu \u2013 no automatiz\u0113t\u0101m ra\u017eo\u0161anas l\u012bnij\u0101m l\u012bdz IoT un robotiz\u0101cijai. LMT k\u0101 pirmais Latvij\u0101 uzs\u0101ka 5G ievie\u0161anu, un \u0161odien m\u0113s redzam, k\u0101 \u0161\u012b tehnolo\u0123ija k\u013c\u016bst par pamatu n\u0101kotnes r\u016bpniec\u012bbai. M\u016bsu m\u0113r\u0137is ir ne tikai stiprin\u0101t Latvijas uz\u0146\u0113mumu konkur\u0113tsp\u0113ju, bet ar\u012b rad\u012bt risin\u0101jumus ar eksporta potenci\u0101lu, kas pal\u012bdz\u0113s Baltijas re\u0123ionam k\u013c\u016bt par inov\u0101ciju l\u012bderi.\u201d<\/p>\n<p class=\"text-font font-size--text-xlarge margin-3--bottom\">Kokapstr\u0101des uz\u0146\u0113mums \u201cKurekss\u201d jau iepriek\u0161 ir ieviesis vair\u0101kus noz\u012bm\u012bgus digit\u0101los risin\u0101jumus, piem\u0113ram, GOLDENEYE 901 skeneri z\u0101\u0123materi\u0101lu kvalit\u0101tes kontrolei, WoodHub sist\u0113mu ra\u017eo\u0161anas procesu vad\u012bbai un automatiz\u0113t\u0101s l\u012bnijas efektivit\u0101tes uzlabo\u0161anai. \u0160ie risin\u0101jumi \u013c\u0101vu\u0161i uz\u0146\u0113mumam b\u016bt starp nozares l\u012bderiem inov\u0101ciju jom\u0101, un priv\u0101t\u0101 5G t\u012bkla ievie\u0161ana ir n\u0101kamais solis \u0161aj\u0101 virzien\u0101. Projekts tika \u012bstenots sadarb\u012bb\u0101 ar ES Atvese\u013co\u0161anas fondu un EDIC (Eiropas Digit\u0101l\u0101s inov\u0101cijas centru).<\/p>\n<p class=\"text-font font-size--text-xlarge margin-3--bottom\">SIA \u201cKurekss\u201d valdes loceklis Edgars Makarovs atz\u012bm\u0113: \u201cDigitaliz\u0101cija ir m\u016bsu strat\u0113\u0123ijas pamats, un priv\u0101t\u0101 5G t\u012bkla ievie\u0161ana ir lo\u0123isks n\u0101kamais solis. Tas \u013caus mums v\u0113l efekt\u012bv\u0101k p\u0101rvald\u012bt ra\u017eo\u0161anas procesus, izmantot IoT risin\u0101jumus un sagatavoties n\u0101kotnes inov\u0101cij\u0101m. \u0160o projektu m\u0113s redzam k\u0101 b\u016btisku ieguld\u012bjumu uz\u0146\u0113muma ilgtsp\u0113j\u0101 un konkur\u0113tsp\u0113j\u0101.\u201d<\/p>\n<p class=\"text-font font-size--text-xlarge margin-3--bottom\">Priv\u0101tie 5G t\u012bkli ir piem\u0113rojami pla\u0161am nozaru lokam \u2013 no ra\u017eo\u0161anas un lo\u0123istikas l\u012bdz vesel\u012bbas apr\u016bpei, izgl\u012bt\u012bbai un dro\u0161\u012bbas risin\u0101jumiem. Pirmo priv\u0101to 5G t\u012bklu Latvij\u0101 LMT uzst\u0101d\u012bja jau 2024. gada august\u0101 SIA \u201cBaltic Container Terminal\u201d teritorij\u0101 R\u012bgas br\u012bvost\u0101. LMT grupa jau \u012bsteno l\u012bdz\u012bgus projektus ar\u012b \u0101rpus Latvijas, piem\u0113ram, Klaip\u0113das ost\u0101 Lietuv\u0101, kur LMT grupas uz\u0146\u0113mums UAB Santa Monica Networks kop\u0101 ar LMT uzvar\u0113jis iepirkum\u0101 par 5G priv\u0101t\u0101 t\u012bkla izp\u0113ti un projekt\u0113\u0161anu. Tas b\u016bs pirmais priv\u0101tais 5G t\u012bkls Lietuv\u0101, kuru pl\u0101nots pabeigt 2026. gad\u0101.<\/p>\n<p><a href=\"https:\/\/www.europesays.com\/lv\/wp-content\/uploads\/2025\/10\/523528__68ecc7aeb62b9.jpg\" target=\"_blank\" onclick=\"ga('send','event','image-fullscreen','523528');\"><img decoding=\"async\" class=\"lazy image-contain modernize-objectfit\" src=\"https:\/\/www.europesays.com\/lv\/wp-content\/uploads\/2025\/10\/523528__68ecc7aeb62b9.jpg\" style=\"font-family: 'object-fit: contain;'; object-fit: contain\"\/><\/a><a href=\"https:\/\/www.europesays.com\/lv\/wp-content\/uploads\/2025\/10\/523528__68ecc7abdc08b.jpg\" target=\"_blank\" onclick=\"ga('send','event','image-fullscreen','523528');\"><img decoding=\"async\" class=\"lazy image-contain modernize-objectfit\" src=\"https:\/\/www.europesays.com\/lv\/wp-content\/uploads\/2025\/10\/523528__68ecc7abdc08b.jpg\" style=\"font-family: 'object-fit: contain;'; object-fit: contain\"\/><\/a><\/p>\n<p>Skat\u012bties p\u0101r\u0113jos att\u0113lus<\/p>\n","protected":false},"excerpt":{"rendered":"Tehnolo\u0123iju uz\u0146\u0113mums LMT sadarb\u012bb\u0101 ar kokapstr\u0101des uz\u0146\u0113mumu \u201cKurekss\u201d uzst\u0101d\u012bjis pirmo priv\u0101to 5G t\u012bklu Baltijas valst\u012bs \u0161\u0101da veida ra\u017eo\u0161anas&hellip;\n","protected":false},"author":2,"featured_media":19991,"comment_status":"","ping_status":"","sticky":false,"template":"","format":"standard","meta":{"footnotes":""},"categories":[16],"tags":[869,77,870,76,867,35,39,38,36,37,34,871,868,40,21],"class_list":{"0":"post-19990","1":"post","2":"type-post","3":"status-publish","4":"format-standard","5":"has-post-thumbnail","7":"category-bizness","8":"tag-biznesa-zinas","9":"tag-bizness","10":"tag-bizness-latvija","11":"tag-business","12":"tag-dienas-zinas","13":"tag-latvia","14":"tag-latvian","15":"tag-latviesu","16":"tag-latviesu-valoda","17":"tag-latviesuvaloda","18":"tag-latvija","19":"tag-latvijas-biznesa-zinas","20":"tag-latvijas-zinas","21":"tag-lv","22":"tag-zinas"},"share_on_mastodon":{"url":"","error":""},"_links":{"self":[{"href":"https:\/\/www.europesays.com\/lv\/wp-json\/wp\/v2\/posts\/19990","targetHints":{"allow":["GET"]}}],"collection":[{"href":"https:\/\/www.europesays.com\/lv\/wp-json\/wp\/v2\/posts"}],"about":[{"href":"https:\/\/www.europesays.com\/lv\/wp-json\/wp\/v2\/types\/post"}],"author":[{"embeddable":true,"href":"https:\/\/www.europesays.com\/lv\/wp-json\/wp\/v2\/users\/2"}],"replies":[{"embeddable":true,"href":"https:\/\/www.europesays.com\/lv\/wp-json\/wp\/v2\/comments?post=19990"}],"version-history":[{"count":0,"href":"https:\/\/www.europesays.com\/lv\/wp-json\/wp\/v2\/posts\/19990\/revisions"}],"wp:featuredmedia":[{"embeddable":true,"href":"https:\/\/www.europesays.com\/lv\/wp-json\/wp\/v2\/media\/19991"}],"wp:attachment":[{"href":"https:\/\/www.europesays.com\/lv\/wp-json\/wp\/v2\/media?parent=19990"}],"wp:term":[{"taxonomy":"category","embeddable":true,"href":"https:\/\/www.europesays.com\/lv\/wp-json\/wp\/v2\/categories?post=19990"},{"taxonomy":"post_tag","embeddable":true,"href":"https:\/\/www.europesays.com\/lv\/wp-json\/wp\/v2\/tags?post=19990"}],"curies":[{"name":"wp","href":"https:\/\/api.w.org\/{rel}","templated":true}]}}