{"id":19997,"date":"2025-10-13T10:02:03","date_gmt":"2025-10-13T10:02:03","guid":{"rendered":"https:\/\/www.europesays.com\/lv\/19997\/"},"modified":"2025-10-13T10:02:03","modified_gmt":"2025-10-13T10:02:03","slug":"biblioteka-aicina-gimenes-ar-berniem-uz-muzikalo-makonisu-kino-nodarbibu","status":"publish","type":"post","link":"https:\/\/www.europesays.com\/lv\/19997\/","title":{"rendered":"Bibliot\u0113ka aicina \u0123imenes ar b\u0113rniem uz \u201cMuzik\u0101lo m\u0101kon\u012b\u0161u kino nodarb\u012bbu\u201d"},"content":{"rendered":"<p>                        <img fetchpriority=\"high\" decoding=\"async\" width=\"724\" height=\"1024\" src=\"https:\/\/www.europesays.com\/lv\/wp-content\/uploads\/2025\/10\/muzikalo-makonisu-kino-1-724x1024.png\" alt=\"\" class=\"wp-image-977881\"  \/><\/p>\n<p>Smiltenes bibliot\u0113kas B\u0113rnu apkalpo\u0161anas noda\u013ca 8. novembr\u012b pulksten 10.30 aicina uz \u201cMuzik\u0101lo m\u0101kon\u012b\u0161u kino nodarb\u012bbu\u201d. Nodarb\u012bba piem\u0113rota pirmsskolas vecuma b\u0113rniem.<\/p>\n<p>B\u0113rniem b\u016bs iesp\u0113ja iepaz\u012bt latvie\u0161u anim\u0101cijas filmi\u0146as un m\u016bziku. Nodarb\u012bbas laik\u0101 b\u0113rni skat\u012bsies gan latvie\u0161u anim\u0101cijas klasiku, gan jaun\u0101ko \u201cAij\u0101 \u017e\u016b\u017e\u016b l\u0101\u010da b\u0113rni\u201d vizualiz\u0101ciju. L\u012bdz\u0101s l\u0101\u010diem, m\u0101ko\u0146iem un kamoliem skan\u0113s paz\u012bstamas b\u0113rnu dziesmas un \u0161\u016bpu\u013cdziesmas. Mazie apmekl\u0113t\u0101ji uzzin\u0101s, k\u0101 m\u016bzika un ska\u0146as pal\u012bdz veidot filmu st\u0101stus, un var\u0113s l\u012bdzdarboties m\u016bzikas instrumentiem, pa\u0161i radot ska\u0146as. Muzik\u0101l\u0101s rota\u013cas atkl\u0101s b\u0113rnu dienas ritmu \u2013 no dauz\u012b\u0161an\u0101s l\u012bdz miedzi\u0146am.<\/p>\n<p>Bibliot\u0113k\u0101 pieejama cietlapu bil\u017eu gr\u0101mata \u201c\u010du\u010di,\u00a0\u010du\u010di\u201d, kas piem\u0113rota pa\u0161iem maz\u0101kajiem las\u012bt\u0101jiem. Gr\u0101matas pamat\u0101\u00a0ir anim\u0101cijas studij\u0101 \u201cAtom Art\u201d tapus\u012b re\u017eisores M\u0101ras Lini\u0146as un m\u0101kslinieces \u016anas Laukmanes \u012bsfilma \u201c\u010du\u010di, \u010du\u010di\u201d, ko iedvesmojusi latvie\u0161u \u0161\u016bpu\u013cdziesma \u201cAij\u0101 \u017e\u016b\u017e\u016b\u201d.<\/p>\n<p>Nodarb\u012bbu pied\u0101v\u0101 anim\u0101cijas studija \u201cAtom Art\u201d un b\u0113rnu pas\u0101kumu producenti \u201cRobin\u201d. Ieeja bez maksas.<\/p>\n<p>Pas\u0101kuma laik\u0101 tiks fotograf\u0113ts un film\u0113ts bibliot\u0113kas publicit\u0101tes nodro\u0161in\u0101\u0161anai.<\/p>\n<p>Sanita L\u0101rmane, Smiltenes bibliot\u0113kas vec\u0101k\u0101 bibliotek\u0101re<\/p>\n","protected":false},"excerpt":{"rendered":"Smiltenes bibliot\u0113kas B\u0113rnu apkalpo\u0161anas noda\u013ca 8. novembr\u012b pulksten 10.30 aicina uz \u201cMuzik\u0101lo m\u0101kon\u012b\u0161u kino nodarb\u012bbu\u201d. Nodarb\u012bba piem\u0113rota pirmsskolas&hellip;\n","protected":false},"author":2,"featured_media":19998,"comment_status":"","ping_status":"","sticky":false,"template":"","format":"standard","meta":{"footnotes":""},"categories":[19],"tags":[89,1770,90,35,39,38,36,37,34,40,6492,2490,6493,452],"class_list":{"0":"post-19997","1":"post","2":"type-post","3":"status-publish","4":"format-standard","5":"has-post-thumbnail","7":"category-izklaide","8":"tag-entertainment","9":"tag-gimenes","10":"tag-izklaide","11":"tag-latvia","12":"tag-latvian","13":"tag-latviesu","14":"tag-latviesu-valoda","15":"tag-latviesuvaloda","16":"tag-latvija","17":"tag-lv","18":"tag-muzikalomakonisukinonodarbiba","19":"tag-smiltene","20":"tag-smiltenesbiblioteka","21":"tag-smiltenesnovads"},"share_on_mastodon":{"url":"","error":""},"_links":{"self":[{"href":"https:\/\/www.europesays.com\/lv\/wp-json\/wp\/v2\/posts\/19997","targetHints":{"allow":["GET"]}}],"collection":[{"href":"https:\/\/www.europesays.com\/lv\/wp-json\/wp\/v2\/posts"}],"about":[{"href":"https:\/\/www.europesays.com\/lv\/wp-json\/wp\/v2\/types\/post"}],"author":[{"embeddable":true,"href":"https:\/\/www.europesays.com\/lv\/wp-json\/wp\/v2\/users\/2"}],"replies":[{"embeddable":true,"href":"https:\/\/www.europesays.com\/lv\/wp-json\/wp\/v2\/comments?post=19997"}],"version-history":[{"count":0,"href":"https:\/\/www.europesays.com\/lv\/wp-json\/wp\/v2\/posts\/19997\/revisions"}],"wp:featuredmedia":[{"embeddable":true,"href":"https:\/\/www.europesays.com\/lv\/wp-json\/wp\/v2\/media\/19998"}],"wp:attachment":[{"href":"https:\/\/www.europesays.com\/lv\/wp-json\/wp\/v2\/media?parent=19997"}],"wp:term":[{"taxonomy":"category","embeddable":true,"href":"https:\/\/www.europesays.com\/lv\/wp-json\/wp\/v2\/categories?post=19997"},{"taxonomy":"post_tag","embeddable":true,"href":"https:\/\/www.europesays.com\/lv\/wp-json\/wp\/v2\/tags?post=19997"}],"curies":[{"name":"wp","href":"https:\/\/api.w.org\/{rel}","templated":true}]}}