{"id":20011,"date":"2025-10-13T10:12:07","date_gmt":"2025-10-13T10:12:07","guid":{"rendered":"https:\/\/www.europesays.com\/lv\/20011\/"},"modified":"2025-10-13T10:12:07","modified_gmt":"2025-10-13T10:12:07","slug":"noskaidrotas-top-10-biznesa-sievietes-latvija-dienas-bizness","status":"publish","type":"post","link":"https:\/\/www.europesays.com\/lv\/20011\/","title":{"rendered":"Noskaidrotas TOP 10 biznesa sievietes Latvij\u0101 :: Dienas Bizness"},"content":{"rendered":"<p class=\"text-font font-size--text-xlarge margin-3--bottom font-weight--bold padding-1--top\">Komunik\u0101cijas a\u0123ent\u016bras Olsen+Partners veiktaj\u0101 aptauj\u0101 noskaidrots, kuras sievietes Latvijas sabiedr\u012bba uzskata par m\u016bsdienu izcil\u0101kaj\u0101m l\u012bder\u0113m biznes\u0101.<\/p>\n<p class=\"text-font font-size--text-xlarge margin-3--bottom\">TOP 10 biznesa sievie\u0161u vid\u016b liel\u0101koties ir uz\u0146\u0113m\u0113jas, par popul\u0101r\u0101ko biznesa sievieti Latvij\u0101 respondentiem atz\u012bstot Lotti Tisenkopfu-Iltneri, AS \u201cMadara Cosmetics\u201d l\u012bdz\u012bpa\u0161nieci un vad\u012bt\u0101ju.<\/p>\n<p class=\"text-font font-size--text-xlarge margin-3--bottom\">Atbildot uz jaut\u0101jumu, kura person\u012bba respondentiem asoci\u0113jas ar m\u016bsdienu izcil\u0101ko sievieti biznesa vid\u0113 Latvij\u0101, atkl\u0101jas, ka cilv\u0113kus iedvesmo gan sievietes, kas biznes\u0101 darboju\u0161\u0101s daudzu gadu garum\u0101, gan uz\u0146\u0113m\u0113jas, kas sevi pieteiku\u0161as p\u0113d\u0113jo gadu laik\u0101.<\/p>\n<p class=\"text-font font-size--text-xlarge margin-3--bottom\">Aptauja atkl\u0101j, ka TOP 10 biznesa sievietes Latvij\u0101 ir:<\/p>\n<p class=\"text-font font-size--text-xlarge margin-3--bottom\">1. Lotte Tisenkopfa-Iltnere<\/p>\n<p class=\"text-font font-size--text-xlarge margin-3--bottom\">2. Vija Kilbloka<\/p>\n<p class=\"text-font font-size--text-xlarge margin-3--bottom\">3. El\u012bna Didrihsone<\/p>\n<p class=\"text-font font-size--text-xlarge margin-3--bottom\">4. Ieva Plaude<\/p>\n<p class=\"text-font font-size--text-xlarge margin-3--bottom\">5. Ieva Treija<\/p>\n<p class=\"text-font font-size--text-xlarge margin-3--bottom\">6. Baiba Rubesa<\/p>\n<p class=\"text-font font-size--text-xlarge margin-3--bottom\">7. Kristina And\u017ea<\/p>\n<p class=\"text-font font-size--text-xlarge margin-3--bottom\">8. Egija Gailuma<\/p>\n<p class=\"text-font font-size--text-xlarge margin-3--bottom\">9. Santa An\u010da<\/p>\n<p class=\"text-font font-size--text-xlarge margin-3--bottom\">10. Benita Danilenko (Sadauska)<\/p>\n<p class=\"text-font font-size--text-xlarge margin-3--bottom\">\u201cAptaujas rezult\u0101ti r\u0101da, ka cilv\u0113ki Latvij\u0101 run\u0101 par t\u0101m l\u012bder\u0113m, kur\u0101m ir sp\u0113c\u012bgs person\u012bgais z\u012bmols. Katras no \u0161\u012bm sieviet\u0113m-l\u012bder\u0113m ce\u013c\u0161 uz atpaz\u012bstam\u012bbu ir bijis at\u0161\u0137ir\u012bgs \u2013 vi\u0146as izmantoju\u0161as da\u017e\u0101dus kan\u0101lus un pieejas. Ta\u010du vi\u0146as vieno skaidra savas misijas apzi\u0146a un sp\u0113ja p\u0101rliecino\u0161i to paust sabiedr\u012bbai,\u201d saka sabiedrisko attiec\u012bbu a\u0123ent\u016bras Olsen+Partners partnere Olga Kazaka, piebilstot, ka, godinot \u0161o l\u012bderu \u012bpa\u0161\u012bbas, katra no top\u0101 iek\u013cuvu\u0161aj\u0101m sieviet\u0113m sa\u0146ems d\u0101van\u0101 herstory kaklasaiti \u2013 simbolisku manifestu sieviet\u0113m-l\u012bder\u0113m, ko p\u0113c Olsen+Partners pas\u016bt\u012bjuma rad\u012bjusi modes dizainere Una P\u016bpola. \u0160\u012b ar rok\u0101m darin\u0101t\u0101 kaklasaite, kur\u0101 apvienots vilnas, z\u012bda un oderes audums, simboliz\u0113 korporat\u012bv\u0101s discipl\u012bnas un sievi\u0161\u0137\u012bgas pa\u0161apzi\u0146as vienot\u012bbu \u2014 k\u0101 \u201c\u017eaketi, kas apsieta ap kaklu\u201d.<\/p>\n<p class=\"text-font font-size--text-xlarge margin-3--bottom\">\u201cL\u012bdere sav\u0101 ikdien\u0101 ir \u013coti da\u017e\u0101da \u2013 stingra, maiga, eleganta un dumpinieciska, un visas \u0161\u012bs \u012bpa\u0161\u012bbas ir nepiecie\u0161amas. Lai atainotu sievietes-l\u012bderes ikdienas da\u017e\u0101d\u012bbu, esam izstr\u0101d\u0101ju\u0161i herstory l\u012bder\u012bbas valodu, kur katrs kaklasaites sasie\u0161anas veids nodod savu v\u0113st\u012bjumu,\u201d skaidro Olga Kazaka.<\/p>\n","protected":false},"excerpt":{"rendered":"Komunik\u0101cijas a\u0123ent\u016bras Olsen+Partners veiktaj\u0101 aptauj\u0101 noskaidrots, kuras sievietes Latvijas sabiedr\u012bba uzskata par m\u016bsdienu izcil\u0101kaj\u0101m l\u012bder\u0113m biznes\u0101. TOP 10&hellip;\n","protected":false},"author":2,"featured_media":20012,"comment_status":"","ping_status":"","sticky":false,"template":"","format":"standard","meta":{"footnotes":""},"categories":[12],"tags":[23,869,77,870,28,29,867,32,33,22,30,31,35,39,38,36,37,34,871,868,40,20,26,27,24,25,21],"class_list":{"0":"post-20011","1":"post","2":"type-post","3":"status-publish","4":"format-standard","5":"has-post-thumbnail","7":"category-latvija","8":"tag-aktualitates","9":"tag-biznesa-zinas","10":"tag-bizness","11":"tag-bizness-latvija","12":"tag-breaking-news","13":"tag-breakingnews","14":"tag-dienas-zinas","15":"tag-featured-news","16":"tag-featurednews","17":"tag-headlines","18":"tag-latest-news","19":"tag-latestnews","20":"tag-latvia","21":"tag-latvian","22":"tag-latviesu","23":"tag-latviesu-valoda","24":"tag-latviesuvaloda","25":"tag-latvija","26":"tag-latvijas-biznesa-zinas","27":"tag-latvijas-zinas","28":"tag-lv","29":"tag-news","30":"tag-popularakas-zinas","31":"tag-popularakaszinas","32":"tag-top-stories","33":"tag-topstories","34":"tag-zinas"},"share_on_mastodon":{"url":"","error":""},"_links":{"self":[{"href":"https:\/\/www.europesays.com\/lv\/wp-json\/wp\/v2\/posts\/20011","targetHints":{"allow":["GET"]}}],"collection":[{"href":"https:\/\/www.europesays.com\/lv\/wp-json\/wp\/v2\/posts"}],"about":[{"href":"https:\/\/www.europesays.com\/lv\/wp-json\/wp\/v2\/types\/post"}],"author":[{"embeddable":true,"href":"https:\/\/www.europesays.com\/lv\/wp-json\/wp\/v2\/users\/2"}],"replies":[{"embeddable":true,"href":"https:\/\/www.europesays.com\/lv\/wp-json\/wp\/v2\/comments?post=20011"}],"version-history":[{"count":0,"href":"https:\/\/www.europesays.com\/lv\/wp-json\/wp\/v2\/posts\/20011\/revisions"}],"wp:featuredmedia":[{"embeddable":true,"href":"https:\/\/www.europesays.com\/lv\/wp-json\/wp\/v2\/media\/20012"}],"wp:attachment":[{"href":"https:\/\/www.europesays.com\/lv\/wp-json\/wp\/v2\/media?parent=20011"}],"wp:term":[{"taxonomy":"category","embeddable":true,"href":"https:\/\/www.europesays.com\/lv\/wp-json\/wp\/v2\/categories?post=20011"},{"taxonomy":"post_tag","embeddable":true,"href":"https:\/\/www.europesays.com\/lv\/wp-json\/wp\/v2\/tags?post=20011"}],"curies":[{"name":"wp","href":"https:\/\/api.w.org\/{rel}","templated":true}]}}