{"id":20019,"date":"2025-10-13T10:20:08","date_gmt":"2025-10-13T10:20:08","guid":{"rendered":"https:\/\/www.europesays.com\/lv\/20019\/"},"modified":"2025-10-13T10:20:08","modified_gmt":"2025-10-13T10:20:08","slug":"viedoklis-%e2%9f%a9-gribam-lai-latvija-turpmak-skanetu-bernu-un-jauniesu-kori-bet-neko-nedaram-ta-laba","status":"publish","type":"post","link":"https:\/\/www.europesays.com\/lv\/20019\/","title":{"rendered":"VIEDOKLIS \u27e9 Gribam, lai Latvij\u0101 turpm\u0101k skan\u0113tu b\u0113rnu un jaunie\u0161u kori, bet neko nedar\u0101m t\u0101 lab\u0101"},"content":{"rendered":"<p>Aizvien ir aktu\u0101ls jaut\u0101jums par to, vai ar\u012b p\u0113c desmit un divdesmit gadiem Latvij\u0101 b\u016bs dzied\u0101t\u0101ji, kori un ansamb\u013ci, vai pa\u0161laik sniedzam pietiekamu atbalstu m\u016bzikas skolot\u0101jiem un vai skol\u0113niem ir pieejami kvalitat\u012bvi un m\u016bsdien\u012bgi m\u0101c\u012bbu l\u012bdzek\u013ci.<\/p>\n<p>Cik ilgi pa\u013causimies tikai uz skolot\u0101ju entuziasmu?<\/p>\n<p>Dziesmu un deju sv\u0113tki ir br\u012bni\u0161\u0137\u012bga trad\u012bcija, ta\u010du, lai t\u0101 past\u0101v\u0113tu ilgtermi\u0146\u0101, mums j\u0101pak\u0101pjas soli atpaka\u013c un j\u0101atbild uz jaut\u0101jumu, kas to veido un kas tai \u013cauj past\u0101v\u0113t. Pa\u0161laik liel\u0101kaj\u0101 da\u013c\u0101 skolu korus vada m\u016bzikas skolot\u0101ji, kuriem ir 40, 50 un vair\u0101k gadu. Tas mudina dom\u0101t, ka tuv\u0101kajos gados viss v\u0113l turpin\u0101sies, ta\u010du cik ilgi pa\u013causimies tikai uz skolot\u0101ju entuziasmu?<\/p>\n<blockquote class=\"quote ck-widget\" contenteditable=\"false\">\n<p>P\u0113d\u0113jos gados aizvien maz\u0101k jaunie\u0161u izv\u0113las apg\u016bt m\u016bzikas skolot\u0101ja profesiju \u2013 daudz par maz, lai n\u0101kotn\u0113 var\u0113tu nomain\u012bt skolot\u0101ju paaudzi.<\/p>\n<\/blockquote>\n<p>Gan probl\u0113ma, gan t\u0101s risin\u0101jums ir mekl\u0113jams skolu m\u016bzikas stund\u0101s.<\/p>\n<p>M\u016bzikas m\u0101c\u012bbu gr\u0101mata&#8230; izdota aptuveni pirms 20 gadiem<\/p>\n<p>Ir \u013coti svar\u012bgi, k\u0101 ikvienas izgl\u012bt\u012bbas iest\u0101des vad\u012bba attiecas pret m\u016bzikas priek\u0161metu kopum\u0101, piem\u0113ram, vai m\u016bzikas stundas vienm\u0113r ir t\u0101s, kas tiek atceltas, lai iepl\u0101notu k\u0101dus pas\u0101kumus vai \u0101rpusstundu notikumus, vai tom\u0113r, apzinoties to noz\u012bmi, stundas notiek pl\u0101notaj\u0101 laik\u0101; vai, dom\u0101jot par m\u0101c\u012bbu l\u012bdzek\u013cu pieejam\u012bbu, tiek rasta iesp\u0113ja ieg\u0101d\u0101ties ar\u012b gr\u0101matas m\u016bzik\u0101, ne tikai centraliz\u0113to eks\u0101menu priek\u0161metos.<\/p>\n","protected":false},"excerpt":{"rendered":"Aizvien ir aktu\u0101ls jaut\u0101jums par to, vai ar\u012b p\u0113c desmit un divdesmit gadiem Latvij\u0101 b\u016bs dzied\u0101t\u0101ji, kori un&hellip;\n","protected":false},"author":2,"featured_media":20020,"comment_status":"","ping_status":"","sticky":false,"template":"","format":"standard","meta":{"footnotes":""},"categories":[19],"tags":[89,90,115,35,39,38,36,37,34,40,6495,798,2709],"class_list":{"0":"post-20019","1":"post","2":"type-post","3":"status-publish","4":"format-standard","5":"has-post-thumbnail","7":"category-izklaide","8":"tag-entertainment","9":"tag-izklaide","10":"tag-kormuzika","11":"tag-latvia","12":"tag-latvian","13":"tag-latviesu","14":"tag-latviesu-valoda","15":"tag-latviesuvaloda","16":"tag-latvija","17":"tag-lv","18":"tag-macibu-gramatas","19":"tag-skolenu-dziesmu-un-deju-svetki","20":"tag-straume"},"share_on_mastodon":{"url":"","error":""},"_links":{"self":[{"href":"https:\/\/www.europesays.com\/lv\/wp-json\/wp\/v2\/posts\/20019","targetHints":{"allow":["GET"]}}],"collection":[{"href":"https:\/\/www.europesays.com\/lv\/wp-json\/wp\/v2\/posts"}],"about":[{"href":"https:\/\/www.europesays.com\/lv\/wp-json\/wp\/v2\/types\/post"}],"author":[{"embeddable":true,"href":"https:\/\/www.europesays.com\/lv\/wp-json\/wp\/v2\/users\/2"}],"replies":[{"embeddable":true,"href":"https:\/\/www.europesays.com\/lv\/wp-json\/wp\/v2\/comments?post=20019"}],"version-history":[{"count":0,"href":"https:\/\/www.europesays.com\/lv\/wp-json\/wp\/v2\/posts\/20019\/revisions"}],"wp:featuredmedia":[{"embeddable":true,"href":"https:\/\/www.europesays.com\/lv\/wp-json\/wp\/v2\/media\/20020"}],"wp:attachment":[{"href":"https:\/\/www.europesays.com\/lv\/wp-json\/wp\/v2\/media?parent=20019"}],"wp:term":[{"taxonomy":"category","embeddable":true,"href":"https:\/\/www.europesays.com\/lv\/wp-json\/wp\/v2\/categories?post=20019"},{"taxonomy":"post_tag","embeddable":true,"href":"https:\/\/www.europesays.com\/lv\/wp-json\/wp\/v2\/tags?post=20019"}],"curies":[{"name":"wp","href":"https:\/\/api.w.org\/{rel}","templated":true}]}}