{"id":20059,"date":"2025-10-13T10:59:12","date_gmt":"2025-10-13T10:59:12","guid":{"rendered":"https:\/\/www.europesays.com\/lv\/20059\/"},"modified":"2025-10-13T10:59:12","modified_gmt":"2025-10-13T10:59:12","slug":"feru-salas-sarupe-sensaciju-un-saglaba-ceribas-uz-ieklusanu-pasaules-kausa","status":"publish","type":"post","link":"https:\/\/www.europesays.com\/lv\/20059\/","title":{"rendered":"F\u0113ru salas sar\u016bp\u0113 sens\u0101ciju un saglab\u0101 cer\u012bbas uz iek\u013c\u016b\u0161anu pasaules kaus\u0101"},"content":{"rendered":"<p>Cit\u0101 G grupas ma\u010d\u0101 Polija izbraukum\u0101 ar 2:0 (1:0) uzvar\u0113ja Lietuvu.<\/p>\n<p>Ma\u010da 15.min\u016bt\u0113, izpildot st\u016bra sitienu, Sebastians \u0160imanskis guva pirmos Polijas v\u0101rtus, bet otraj\u0101 puslaik\u0101 p\u0113c sp\u0113l\u0113t\u0101m nepiln\u0101m 20 min\u016bt\u0113m uz Lietuvas v\u0101rtu priek\u0161u piesp\u0113l\u0113ja \u0160imanskis un m\u0101jinieku v\u0101rtsargu p\u0101rsp\u0113ja Roberts Levandovskis, rezult\u0101tam k\u013c\u016bstot 2:0 viesu lab\u0101.<\/p>\n<p>G grup\u0101 l\u012bdere ar 16 punktiem se\u0161\u0101s sp\u0113l\u0113s ir N\u012bderlande, Polija iekr\u0101jusi 13 punktus, Somija septi\u0146os ma\u010dos izc\u012bn\u012bjusi desmit punktus, Lietuvai ir tr\u012bs punkti, bet Malta tikusi pie diviem punktiem.<\/p>\n<p>Tikm\u0113r C grup\u0101 Skotija m\u0101j\u0101s ar 2:1 (1:0) apsp\u0113l\u0113ja Baltkrieviju, kas piedz\u012bvoja ceturto neveiksmi. Uzvar\u0113t\u0101ju lab\u0101 v\u0101rtus guva \u010ce Adamss un Skots Maktominejs, kam\u0113r baltkrievi vien\u012bgos v\u0101rtus ma\u010d\u0101 guva tikai kompens\u0101cijas laika izska\u0146\u0101.<\/p>\n<p>Otr\u0101 C grupas ma\u010d\u0101 D\u0101nija sav\u0101 laukum\u0101 ar 3:1 (3:0) bija p\u0101r\u0101ka p\u0101r Grie\u0137iju.<\/p>\n<p>D\u0101nija jau pirmaj\u0101 puslaik\u0101 guva tr\u012bs v\u0101rtus, prec\u012bziem esot Rasmusam Hejlundam, Joahimam Andersenam un Mikelam Damsgoram. Otraj\u0101 puslaik\u0101 p\u0113c sp\u0113l\u0113t\u0101m aptuveni 18 min\u016bt\u0113m vien\u012bgos viesu v\u0101rtus guva Kristoss Colis.<\/p>\n<p>P\u0113c \u010detr\u0101m sp\u0113\u013cu k\u0101rt\u0101m C grup\u0101 pa desmit punktiem iekr\u0101ju\u0161as D\u0101nija un Skotija, Grie\u0137ijai ir tr\u012bs punkti, kam\u0113r Baltkrievija ir bez punktiem.<\/p>\n<p>Pasaules kausa fin\u0101lturn\u012bram no Eiropas zonas kvalific\u0113sies 16 izlases &#8211; 12 grupu uzvar\u0113t\u0101jas, bet &#8220;play-off&#8221; k\u0101rt\u0101 piedal\u012bsies 12 otro vietu ieguv\u0113jas un \u010detras lab\u0101k\u0101s 2024.\/2025. gada sezonas UEFA N\u0101ciju l\u012bgas grupu uzvar\u0113t\u0101jas, kas kvalifik\u0101cijas grup\u0101s b\u016bs \u0101rpus lab\u0101ko divnieka.<\/p>\n<p>Pasaules kausa fin\u0101lturn\u012brs Kan\u0101d\u0101, Meksik\u0101 un ASV norisin\u0101sies 2026. gada j\u016bnij\u0101 un j\u016blij\u0101.<\/p>\n","protected":false},"excerpt":{"rendered":"Cit\u0101 G grupas ma\u010d\u0101 Polija izbraukum\u0101 ar 2:0 (1:0) uzvar\u0113ja Lietuvu. Ma\u010da 15.min\u016bt\u0113, izpildot st\u016bra sitienu, Sebastians \u0160imanskis&hellip;\n","protected":false},"author":2,"featured_media":20060,"comment_status":"","ping_status":"","sticky":false,"template":"","format":"standard","meta":{"footnotes":""},"categories":[17],"tags":[676,1375,35,39,38,36,37,34,40,67],"class_list":{"0":"post-20059","1":"post","2":"type-post","3":"status-publish","4":"format-standard","5":"has-post-thumbnail","7":"category-sports","8":"tag-futbols","9":"tag-futbols-pasaule","10":"tag-latvia","11":"tag-latvian","12":"tag-latviesu","13":"tag-latviesu-valoda","14":"tag-latviesuvaloda","15":"tag-latvija","16":"tag-lv","17":"tag-sports"},"share_on_mastodon":{"url":"","error":""},"_links":{"self":[{"href":"https:\/\/www.europesays.com\/lv\/wp-json\/wp\/v2\/posts\/20059","targetHints":{"allow":["GET"]}}],"collection":[{"href":"https:\/\/www.europesays.com\/lv\/wp-json\/wp\/v2\/posts"}],"about":[{"href":"https:\/\/www.europesays.com\/lv\/wp-json\/wp\/v2\/types\/post"}],"author":[{"embeddable":true,"href":"https:\/\/www.europesays.com\/lv\/wp-json\/wp\/v2\/users\/2"}],"replies":[{"embeddable":true,"href":"https:\/\/www.europesays.com\/lv\/wp-json\/wp\/v2\/comments?post=20059"}],"version-history":[{"count":0,"href":"https:\/\/www.europesays.com\/lv\/wp-json\/wp\/v2\/posts\/20059\/revisions"}],"wp:featuredmedia":[{"embeddable":true,"href":"https:\/\/www.europesays.com\/lv\/wp-json\/wp\/v2\/media\/20060"}],"wp:attachment":[{"href":"https:\/\/www.europesays.com\/lv\/wp-json\/wp\/v2\/media?parent=20059"}],"wp:term":[{"taxonomy":"category","embeddable":true,"href":"https:\/\/www.europesays.com\/lv\/wp-json\/wp\/v2\/categories?post=20059"},{"taxonomy":"post_tag","embeddable":true,"href":"https:\/\/www.europesays.com\/lv\/wp-json\/wp\/v2\/tags?post=20059"}],"curies":[{"name":"wp","href":"https:\/\/api.w.org\/{rel}","templated":true}]}}