{"id":20065,"date":"2025-10-13T11:02:08","date_gmt":"2025-10-13T11:02:08","guid":{"rendered":"https:\/\/www.europesays.com\/lv\/20065\/"},"modified":"2025-10-13T11:02:08","modified_gmt":"2025-10-13T11:02:08","slug":"konkurss-uz-nacionala-botaniska-darza-direktora-amatu-atkal-beidzies-bez-rezultata","status":"publish","type":"post","link":"https:\/\/www.europesays.com\/lv\/20065\/","title":{"rendered":"Konkurss uz Nacion\u0101l\u0101 bot\u0101nisk\u0101 d\u0101rza direktora amatu atkal beidzies bez rezult\u0101ta"},"content":{"rendered":"<p>Ieteiktie pretendenti nav sa\u0146\u0113mu\u0161i nozares ministra apstiprin\u0101jumu.<\/p>\n<p>LNBD nav direktora jau kop\u0161 2019. gada novembra, jo izsludin\u0101tie konkursi nosl\u0113gu\u0161ies bez rezult\u0101ta. Direktora pien\u0101kumus pa\u0161laik pilda Artis V\u012bti\u0146\u0161.<\/p>\n<p>LNBD direktora amatam tika izsludin\u0101ts konkurss, un tam pieteic\u0101s devi\u0146i pretendenti. Izv\u0113rt\u0113jot pretendentu iesniegtos dokumentus un atbilst\u012bbu oblig\u0101taj\u0101m pras\u012bb\u0101m, uz konkursa otro k\u0101rtu tika izvirz\u012bti tr\u012bs pretendenti. Konkursa otraj\u0101 k\u0101rt\u0101 pretendenti konkursa komisijai skaidroja savu motiv\u0101ciju ie\u0146emt \u0161o amatu, atbild\u0113ja uz komisijas uzdotajiem jaut\u0101jumiem un prezent\u0113ja savu redz\u0113jumu par LNBD att\u012bst\u012bbas iesp\u0113j\u0101m.<\/p>\n<p>Savuk\u0101rt konkursa nosl\u0113dzo\u0161ajai k\u0101rtai tika virz\u012bti divi pretendenti. Taj\u0101 tika v\u0113rt\u0113tas pretendentu vad\u012bbas kompetences &#8211; komandas vad\u012b\u0161ana, orient\u0101cija uz rezult\u0101tu sasnieg\u0161anu, p\u0101rmai\u0146u vad\u012b\u0161ana, sp\u0113ja pie\u0146emt l\u0113mumus un uz\u0146emties atbild\u012bbu, strat\u0113\u0123iskais redz\u0113jums.<\/p>\n<p>Konkursa fin\u0101listi sasniedza nepiecie\u0161amo v\u0113rt\u0113juma l\u012bmeni, lai v\u0113rt\u0113\u0161anas komisija \u0161os pretendentus var\u0113tu ieteikt nozares ministram iecel\u0161anai LNBD direktora amat\u0101, tom\u0113r nozares ministru pied\u0101v\u0101jums nav apmierin\u0101jis.<\/p>\n<p>Nozares ministram ir ties\u012bbas konkursa komisijas ieteiktos pretendentus neapstiprin\u0101t iecel\u0161anai amat\u0101. Vied\u0101s administr\u0101cijas un re\u0123ion\u0101l\u0101s att\u012bst\u012bbas ministrs Raimonds \u010cudars (JV) izmantoja min\u0113t\u0101s ties\u012bbas un izv\u0113l\u0113j\u0101s nevienu no komisijas ieteiktajiem amata pretendentiem neiecelt amat\u0101, inform\u0113 <a href=\"https:\/\/www.tvnet.lv\/term\/570335\/valsts-kanceleja\" class=\"topicLink\" target=\"_blank\" rel=\"nofollow noopener\">Valsts kanceleja<\/a>.<\/p>\n<p>Konkursa pretendentu v\u0113rt\u0113\u0161anas komisiju vad\u012bja Valsts kancelejas direktors Raivis Kronbergs. Komisijas sast\u0101v\u0101 bija Vied\u0101s administr\u0101cijas un re\u0123ion\u0101l\u0101s att\u012bst\u012bbas ministrijas (<a href=\"https:\/\/www.tvnet.lv\/term\/567709\/varam\" class=\"topicLink\" target=\"_blank\" rel=\"nofollow noopener\">VARAM<\/a>) valsts sekret\u0101rs Edv\u012bns Bal\u0161evics, VARAM ministra padomniece Astra Labuce, Zemkop\u012bbas ministrijas valsts sekret\u0101rs \u0122irts Kr\u016bmi\u0146\u0161 un Latvijas Nacion\u0101l\u0101 dabas muzeja direktore Skaidr\u012bte Ruskule. T\u0101pat par pretendentu nov\u0113rt\u0113\u0161anas procesa nov\u0113rot\u0101ju bija uzaicin\u0101ts P\u0113teris Evarts-Bunders, biedr\u012bbas &#8220;Latvijas Bot\u0101ni\u0137u biedr\u012bba&#8221; valdes priek\u0161s\u0113d\u0113t\u0101js.<\/p>\n","protected":false},"excerpt":{"rendered":"Ieteiktie pretendenti nav sa\u0146\u0113mu\u0161i nozares ministra apstiprin\u0101jumu. LNBD nav direktora jau kop\u0161 2019. gada novembra, jo izsludin\u0101tie konkursi&hellip;\n","protected":false},"author":2,"featured_media":20066,"comment_status":"","ping_status":"","sticky":false,"template":"","format":"standard","meta":{"footnotes":""},"categories":[12],"tags":[23,28,29,32,33,22,30,31,35,39,38,36,37,34,40,20,26,27,24,25,3485,3493,21],"class_list":{"0":"post-20065","1":"post","2":"type-post","3":"status-publish","4":"format-standard","5":"has-post-thumbnail","7":"category-latvija","8":"tag-aktualitates","9":"tag-breaking-news","10":"tag-breakingnews","11":"tag-featured-news","12":"tag-featurednews","13":"tag-headlines","14":"tag-latest-news","15":"tag-latestnews","16":"tag-latvia","17":"tag-latvian","18":"tag-latviesu","19":"tag-latviesu-valoda","20":"tag-latviesuvaloda","21":"tag-latvija","22":"tag-lv","23":"tag-news","24":"tag-popularakas-zinas","25":"tag-popularakaszinas","26":"tag-top-stories","27":"tag-topstories","28":"tag-valsts-kanceleja","29":"tag-varam","30":"tag-zinas"},"share_on_mastodon":{"url":"","error":""},"_links":{"self":[{"href":"https:\/\/www.europesays.com\/lv\/wp-json\/wp\/v2\/posts\/20065","targetHints":{"allow":["GET"]}}],"collection":[{"href":"https:\/\/www.europesays.com\/lv\/wp-json\/wp\/v2\/posts"}],"about":[{"href":"https:\/\/www.europesays.com\/lv\/wp-json\/wp\/v2\/types\/post"}],"author":[{"embeddable":true,"href":"https:\/\/www.europesays.com\/lv\/wp-json\/wp\/v2\/users\/2"}],"replies":[{"embeddable":true,"href":"https:\/\/www.europesays.com\/lv\/wp-json\/wp\/v2\/comments?post=20065"}],"version-history":[{"count":0,"href":"https:\/\/www.europesays.com\/lv\/wp-json\/wp\/v2\/posts\/20065\/revisions"}],"wp:featuredmedia":[{"embeddable":true,"href":"https:\/\/www.europesays.com\/lv\/wp-json\/wp\/v2\/media\/20066"}],"wp:attachment":[{"href":"https:\/\/www.europesays.com\/lv\/wp-json\/wp\/v2\/media?parent=20065"}],"wp:term":[{"taxonomy":"category","embeddable":true,"href":"https:\/\/www.europesays.com\/lv\/wp-json\/wp\/v2\/categories?post=20065"},{"taxonomy":"post_tag","embeddable":true,"href":"https:\/\/www.europesays.com\/lv\/wp-json\/wp\/v2\/tags?post=20065"}],"curies":[{"name":"wp","href":"https:\/\/api.w.org\/{rel}","templated":true}]}}