{"id":201251,"date":"2026-05-13T09:03:10","date_gmt":"2026-05-13T09:03:10","guid":{"rendered":"https:\/\/www.europesays.com\/lv\/201251\/"},"modified":"2026-05-13T09:03:10","modified_gmt":"2026-05-13T09:03:10","slug":"aiz-priekskara-9-maija-pazemojums-sarkanaja-laukuma","status":"publish","type":"post","link":"https:\/\/www.europesays.com\/lv\/201251\/","title":{"rendered":"Aiz priek\u0161kara: 9. maija pazemojums Sarkanaj\u0101 laukum\u0101"},"content":{"rendered":"<p>No Narvas l\u012bdz R\u0113zeknei<\/p>\n<p>\u0160ogad, kad Maskavas par\u0101de bija \u012bs\u0101k\u0101 v\u0113stur\u0113 \u2013 vien 45 min\u016btes \u2013 un bez milit\u0101r\u0101s tehnikas demonstr\u0113jumiem, krievi toties pla\u0161i atspogu\u013coja &#8220;liel\u0101s svin\u012bbas&#8221; Igaunijas robe\u017epils\u0113t\u0101 Narv\u0101.<\/p>\n<p>Lai gan Igaunijas iedz\u012bvot\u0101ji tika iebied\u0113ti, tiem draud\u0113ja ar naudas sodiem un teica, ka Uzvaras dienas svin\u0113\u0161ana b\u016bs l\u012bdzv\u0113rt\u012bga agresorvalsts atbalst\u012b\u0161anai, tom\u0113r neviens un nekas neaptur\u0113ja t\u016bksto\u0161iem parasto igau\u0146u pulc\u0113ties krastmal\u0101, lai noskat\u012btos koncertu un klaus\u012btos kara laika dziesmas, kl\u0101st\u012bja Krievijas telev\u012bzijas uz pierobe\u017eas pils\u0113tu Ivangorodu aizkomand\u0113tie korespondenti.<\/p>\n<p>&#8220;Igaunijas varas iest\u0101des pie Narvas pils sienas izk\u0101ra Ukrainas un ES karogus un pat izveidoja savus sv\u0113tkus \u2013 koncertu par godu Eiropas dienai. Ta\u010du vienk\u0101r\u0161ie cilv\u0113ki Baltij\u0101 v\u0113lreiz ir pier\u0101d\u012bju\u0161i, ka tautas atmi\u0146a ir sp\u0113c\u012bg\u0101ka. Nav iesp\u0113jams palikt vienaldz\u012bgam, nav iesp\u0113jams nedzied\u0101t l\u012bdzi, nav iesp\u0113jams savald\u012bt savas emocijas. Pils\u0113ta, kur\u0101 atrad\u0101s koncentr\u0101cijas nometne, \u0161odien dzied uzvaras himnu, atbr\u012bvojot Eiropu, un Eiropa klaus\u0101s. Maz\u0101 Ivangoroda v\u0113lreiz ir pier\u0101d\u012bjusi, ka Krievijas kult\u016bras robe\u017eas ir bezgal\u012bgas,&#8221; kl\u0101st\u012bja propagandisti.<\/p>\n<p>L\u012bdztekus 9. maija &#8220;svin\u012bb\u0101m&#8221; Narv\u0101 propagandistu uzman\u012bbu izpeln\u012bj\u0101s ar\u012b R\u0113zekn\u0113 nokritu\u0161ie ukrai\u0146u droni. Krievi pla\u0161i demonstr\u0113ja Latvijas Telev\u012bzij\u0101 raid\u012bto interviju ar Nacion\u0101lo bru\u0146oto sp\u0113ku komandieri Kasparu Pud\u0101nu. No intervijas kop\u0113j\u0101 konteksta tika izrauti atsevi\u0161\u0137i teikumi, kas, kop\u0101 salikti, rad\u012bja iespaidu, ka Latvijas armijai nav nedz sp\u0113ju, nedz tehnikas, lai \u0161\u0101dus dronus identific\u0113tu un tos nepiecie\u0161am\u012bbas gad\u012bjum\u0101 notriektu.<\/p>\n<p class=\"ad-desc ad-desc-main\">Saturs turpin\u0101s p\u0113c rekl\u0101mas<\/p>\n<p class=\"ad-desc ad-desc-sec\">Rekl\u0101ma<\/p>\n<p>T\u0101pat tika demonstr\u0113ts eiroparlament\u0101rietes Sandras Kalnietes teiktais, ka Latvijai saist\u012bb\u0101 ar dronu incidentu nav pretenziju pret Ukrainu, jo vain\u012bg\u0101 ir Krievija. Uz Kalnietes teikto t\u016bda\u013c asi rea\u0123\u0113ja milit\u0101rais propagandists Aleksejs \u013beonkovs, pazi\u0146ojot, ka &#8220;jebkura nesod\u0101m\u012bba rada visat\u013caut\u012bbu un visat\u013caut\u012bba rada beztiesiskumu. Un k\u0101dai Baltijas valstij, ko sauc par Latviju, ir nekaun\u012bba vainot Krieviju par to, ka Ukrainas droni, izr\u0101d\u0101s, trauc\u0113ja t\u0101s mieru. Tie ir tie pa\u0161i droni, kas lidoja cauri Latvijas teritorijai, lai nogalin\u0101tu Krievijas pilso\u0146us. Un vienu no \u0161iem droniem m\u016bsu pretgaisa aizsardz\u012bbas sist\u0113ma notrieca virs Pleskavas apgabala, bet p\u0101r\u0113jie, es pie\u0146emu, nokrita Latvijas teritorij\u0101. Krievija, protams, \u0161eit nav vain\u012bga. Tai ir ties\u012bbas sevi aizst\u0101v\u0113t&#8221;.<\/p>\n<p>Savu ideolo\u0123isko artavu dronu s\u0101g\u0101 deva ar\u012b uz Baltkrieviju aizb\u0113gu\u0161ais biju\u0161ais Saeimas deput\u0101ts Aleksejs Ros\u013cikovs, kuru Latvija izsludin\u0101jusi starptautiskaj\u0101 mekl\u0113\u0161an\u0101 saist\u012bb\u0101 ar aps\u016bdz\u012bb\u0101m nacion\u0101l\u0101 naida kurin\u0101\u0161an\u0101, par ko draud krimin\u0101latbild\u012bba.<\/p>\n<p>&#8220;Visat\u013caut\u012bba, nekaun\u012bba un v\u0113lreiz nekaun\u012bba! Absol\u016btais principu tr\u016bkums un teroristisk\u0101 nekaun\u012bba, un sp\u012bt\u012bba, kas valda pa\u0161reiz\u0113j\u0101 Ukrainas vad\u012bb\u0101, ir novedusi vi\u0146us l\u012bdz tam, ka vi\u0146iem vairs ner\u016bp suver\u0113nu valstu teritorija. Vi\u0146i izmanto citu valstu gaisa telpu t\u0101, it k\u0101 t\u0101 b\u016btu vi\u0146u pa\u0161u. Ticiet man, es ar piln\u012bgu p\u0101rliec\u012bbu varu teikt Latvijas parlamenta l\u012bmen\u012b, ka neviens \u0161\u0101du at\u013cauju nav devis. Tas, ko Ukraina dara \u0161odien, ir atkl\u0101ts terorisms,&#8221; s\u016bkst\u012bj\u0101s biju\u0161ais deput\u0101ts.<\/p>\n<p>Bez ierast\u0101s pompozit\u0101tes<\/p>\n<p>Krieviem par lielu pazemojumu Rietumos valdo\u0161ais noska\u0146ojums attiec\u012bb\u0101 uz 9. maija par\u0101di Maskav\u0101 Sarkanaj\u0101 laukum\u0101 tie\u0161i saist\u0101s ar to, ka Ukrainas prezidents Volodimirs Zelenskis at\u013c\u0101va tai notikt, dodot pav\u0113li to netrauc\u0113t.<\/p>\n","protected":false},"excerpt":{"rendered":"No Narvas l\u012bdz R\u0113zeknei \u0160ogad, kad Maskavas par\u0101de bija \u012bs\u0101k\u0101 v\u0113stur\u0113 \u2013 vien 45 min\u016btes \u2013 un bez&hellip;\n","protected":false},"author":2,"featured_media":201252,"comment_status":"","ping_status":"","sticky":false,"template":"","format":"standard","meta":{"footnotes":"","_share_on_mastodon":"0"},"categories":[14],"tags":[36702,23,57,28,29,32,33,22,30,31,35,39,38,36,37,34,40,20,26,27,24,25,54,55,56,21,58],"class_list":["post-201251","post","type-post","status-publish","format-standard","has-post-thumbnail","category-zinas-no-arvalstim","tag-9-maijsaiz-priekskarakremla-propaganda","tag-aktualitates","tag-arvalstim","tag-breaking-news","tag-breakingnews","tag-featured-news","tag-featurednews","tag-headlines","tag-latest-news","tag-latestnews","tag-latvia","tag-latvian","tag-latviesu","tag-latviesu-valoda","tag-latviesuvaloda","tag-latvija","tag-lv","tag-news","tag-popularakas-zinas","tag-popularakaszinas","tag-top-stories","tag-topstories","tag-world","tag-world-news","tag-worldnews","tag-zinas","tag-zinas-no-arvalstim"],"share_on_mastodon":{"url":"https:\/\/pubeurope.com\/@lv\/116566465308583705","error":""},"_links":{"self":[{"href":"https:\/\/www.europesays.com\/lv\/wp-json\/wp\/v2\/posts\/201251","targetHints":{"allow":["GET"]}}],"collection":[{"href":"https:\/\/www.europesays.com\/lv\/wp-json\/wp\/v2\/posts"}],"about":[{"href":"https:\/\/www.europesays.com\/lv\/wp-json\/wp\/v2\/types\/post"}],"author":[{"embeddable":true,"href":"https:\/\/www.europesays.com\/lv\/wp-json\/wp\/v2\/users\/2"}],"replies":[{"embeddable":true,"href":"https:\/\/www.europesays.com\/lv\/wp-json\/wp\/v2\/comments?post=201251"}],"version-history":[{"count":0,"href":"https:\/\/www.europesays.com\/lv\/wp-json\/wp\/v2\/posts\/201251\/revisions"}],"wp:featuredmedia":[{"embeddable":true,"href":"https:\/\/www.europesays.com\/lv\/wp-json\/wp\/v2\/media\/201252"}],"wp:attachment":[{"href":"https:\/\/www.europesays.com\/lv\/wp-json\/wp\/v2\/media?parent=201251"}],"wp:term":[{"taxonomy":"category","embeddable":true,"href":"https:\/\/www.europesays.com\/lv\/wp-json\/wp\/v2\/categories?post=201251"},{"taxonomy":"post_tag","embeddable":true,"href":"https:\/\/www.europesays.com\/lv\/wp-json\/wp\/v2\/tags?post=201251"}],"curies":[{"name":"wp","href":"https:\/\/api.w.org\/{rel}","templated":true}]}}