{"id":20222,"date":"2025-10-13T13:20:09","date_gmt":"2025-10-13T13:20:09","guid":{"rendered":"https:\/\/www.europesays.com\/lv\/20222\/"},"modified":"2025-10-13T13:20:09","modified_gmt":"2025-10-13T13:20:09","slug":"jurmalas-slimnica-sagaidits-si-gada-1000-bernins","status":"publish","type":"post","link":"https:\/\/www.europesays.com\/lv\/20222\/","title":{"rendered":"J\u016brmalas slimn\u012bc\u0101 sagaid\u012bts \u0161\u012b gada 1000. b\u0113rni\u0146\u0161"},"content":{"rendered":"<p>6.oktobr\u012b plkst. 10.26 J\u016brmalas slimn\u012bc\u0101 pasaul\u0113 n\u0101cis \u0161\u012b gada t\u016bksto\u0161ais b\u0113rni\u0146\u0161 \u2013 Just\u012bnes un Raimonda P\u016bci\u0146u \u0123imen\u0113 piedzimusi meiti\u0146a (3730 g un 54 cm), inform\u0113ja J\u016brmalas valstspils\u0113tas administr\u0101cij\u0101. Dzemd\u012bbas pie\u0146\u0113ma vecm\u0101te Elitai Antone, jaundzimu\u0161o apr\u016bp\u0113ja neonatolo\u0123e Dina Kr\u016bze un b\u0113rnu m\u0101sa Irina Tarvida. Par ats\u0101pin\u0101\u0161anu dzemd\u012bbas r\u016bp\u0113j\u0101s anesteziologs Normunds Ai\u0161purs.<\/p>\n<p>Mazo m\u0101si\u0146u m\u0101j\u0101s Tukum\u0101 ar nepaciet\u012bbu gaida tr\u012bs br\u0101l\u012b\u0161i. Viens no vi\u0146iem ar\u012b dzimis J\u016brmalas slimn\u012bc\u0101, un pozit\u012bv\u0101 iepriek\u0161\u0113jo dzemd\u012bbu pieredze lika \u0123imenei atgriezties tie\u0161i \u0161eit.<\/p>\n<p>P\u0113c \u0161\u0101 gada pirmo asto\u0146u m\u0113ne\u0161u datiem J\u016brmalas slimn\u012bca ierindojas otraj\u0101 viet\u0101 valst\u012b p\u0113c dzemd\u012bbu skaita. Sal\u012bdzinot ar iepriek\u0161\u0113jo gadu, J\u016brmalas slimn\u012bc\u0101 nov\u0113rots neliels (par 2%) dzimst\u012bbas samazin\u0101jums, kam\u0113r valst\u012b kopum\u0101 pirmaj\u0101 pusgad\u0101 dzimst\u012bba samazin\u0101jusies par 13,2%, sal\u012bdzinot ar 2024. gadu.<\/p>\n<p>No 2025. gada 1. janv\u0101ra J\u016brmalas pa\u0161vald\u012bba pie\u0161\u0137ir 1000 eiro pabalstu katra jaundzimu\u0161\u0101 b\u0113rna vec\u0101kam, aizbildnim vai adopt\u0113t\u0101jam, ja vi\u0146a deklar\u0113t\u0101 pamata dz\u012bvesvieta J\u016brmal\u0101 ir vismaz 12 m\u0113ne\u0161us pirms b\u0113rna piedzim\u0161anas. Tas \u0161obr\u012bd esot liel\u0101kais jaundzimu\u0161ajiem paredz\u0113tais pabalsts Latvij\u0101.<\/p>\n","protected":false},"excerpt":{"rendered":"6.oktobr\u012b plkst. 10.26 J\u016brmalas slimn\u012bc\u0101 pasaul\u0113 n\u0101cis \u0161\u012b gada t\u016bksto\u0161ais b\u0113rni\u0146\u0161 \u2013 Just\u012bnes un Raimonda P\u016bci\u0146u \u0123imen\u0113 piedzimusi&hellip;\n","protected":false},"author":2,"featured_media":20223,"comment_status":"","ping_status":"","sticky":false,"template":"","format":"standard","meta":{"footnotes":""},"categories":[12],"tags":[23,28,29,47,32,33,22,381,64,30,31,35,39,38,36,37,34,40,20,385,26,27,172,382,384,383,24,25,21],"class_list":{"0":"post-20222","1":"post","2":"type-post","3":"status-publish","4":"format-standard","5":"has-post-thumbnail","7":"category-latvija","8":"tag-aktualitates","9":"tag-breaking-news","10":"tag-breakingnews","11":"tag-ekonomika","12":"tag-featured-news","13":"tag-featurednews","14":"tag-headlines","15":"tag-jaunumi","16":"tag-kultura","17":"tag-latest-news","18":"tag-latestnews","19":"tag-latvia","20":"tag-latvian","21":"tag-latviesu","22":"tag-latviesu-valoda","23":"tag-latviesuvaloda","24":"tag-latvija","25":"tag-lv","26":"tag-news","27":"tag-pieriga","28":"tag-popularakas-zinas","29":"tag-popularakaszinas","30":"tag-riga","31":"tag-sabiedriba","32":"tag-sludinajumi","33":"tag-sports-afisa","34":"tag-top-stories","35":"tag-topstories","36":"tag-zinas"},"share_on_mastodon":{"url":"","error":""},"_links":{"self":[{"href":"https:\/\/www.europesays.com\/lv\/wp-json\/wp\/v2\/posts\/20222","targetHints":{"allow":["GET"]}}],"collection":[{"href":"https:\/\/www.europesays.com\/lv\/wp-json\/wp\/v2\/posts"}],"about":[{"href":"https:\/\/www.europesays.com\/lv\/wp-json\/wp\/v2\/types\/post"}],"author":[{"embeddable":true,"href":"https:\/\/www.europesays.com\/lv\/wp-json\/wp\/v2\/users\/2"}],"replies":[{"embeddable":true,"href":"https:\/\/www.europesays.com\/lv\/wp-json\/wp\/v2\/comments?post=20222"}],"version-history":[{"count":0,"href":"https:\/\/www.europesays.com\/lv\/wp-json\/wp\/v2\/posts\/20222\/revisions"}],"wp:featuredmedia":[{"embeddable":true,"href":"https:\/\/www.europesays.com\/lv\/wp-json\/wp\/v2\/media\/20223"}],"wp:attachment":[{"href":"https:\/\/www.europesays.com\/lv\/wp-json\/wp\/v2\/media?parent=20222"}],"wp:term":[{"taxonomy":"category","embeddable":true,"href":"https:\/\/www.europesays.com\/lv\/wp-json\/wp\/v2\/categories?post=20222"},{"taxonomy":"post_tag","embeddable":true,"href":"https:\/\/www.europesays.com\/lv\/wp-json\/wp\/v2\/tags?post=20222"}],"curies":[{"name":"wp","href":"https:\/\/api.w.org\/{rel}","templated":true}]}}