{"id":202368,"date":"2026-05-14T14:15:24","date_gmt":"2026-05-14T14:15:24","guid":{"rendered":"https:\/\/www.europesays.com\/lv\/202368\/"},"modified":"2026-05-14T14:15:24","modified_gmt":"2026-05-14T14:15:24","slug":"ticu-ka-pasaules-dziedinasana-ir-iespejama-dirigente-kristina-poska-par-radoso-procesu-un-lnso-lente-lv","status":"publish","type":"post","link":"https:\/\/www.europesays.com\/lv\/202368\/","title":{"rendered":"&#8220;Ticu, ka pasaules dziedin\u0101\u0161ana ir iesp\u0113jama&#8221;. Diri\u0123ente Krist\u012bna Poska par rado\u0161o procesu un LNSO\u00a0\u2014\u00a0Lente.lv"},"content":{"rendered":"<p>Igaunijas diri\u0123entes Krist\u012bnas Poskas un LNSO kop\u012bg\u0101 ce\u013ca s\u0101kums<\/p>\n<p>Kop\u0161 2021. gada rudens Latvijas Nacion\u0101lo simfonisko or\u0137estri (LNSO) galven\u0101s viesdiri\u0123entes status\u0101 vada igauniete Krist\u012bna Poska. Vi\u0146a ir Eirop\u0101 piepras\u012bta un nov\u0113rt\u0113ta diri\u0123ente, kuras darbu raksturo k\u0101 harism\u0101tisku, neparastu un muzik\u0101li pies\u0101tin\u0101tu. Poska ir ieguvusi presti\u017eo V\u0101cijas Diri\u0123entu balvu 2013. gad\u0101 un sadarbojusies ar daudziem pasaules iev\u0113rojam\u0101kajiem or\u0137estriem, tostarp Londonas Filharmonisko or\u0137estri, Roterdamas Filharmonisko or\u0137estri un Minesotas or\u0137estri. \u0160obr\u012bd LNSO galvenais viesdiri\u0123ents regul\u0101ri atgrie\u017eas pie kolekt\u012bva, kas vi\u0146ai k\u013cuvis gandr\u012bz k\u0101 m\u0101jas, veidojot konsekventu rado\u0161o portretu or\u0137estra m\u0101kslinieciskaj\u0101 darb\u012bb\u0101. <\/p>\n<p>Starptautisk\u0101 karjera un LNSO kop\u0101 b\u016b\u0161ana<\/p>\n<p>Krist\u012bnas Poskas karjera ir bijusi strauja un daudzpus\u012bga. Vi\u0146a ieguvusi noz\u012bm\u012bgu pieredzi, diri\u0123\u0113jot operas, piem\u0113ram, Mocarta \u201cBurvju flautu\u201d Berl\u012bnes Valsts oper\u0101 un \u201cT\u0101 dara visas\u201d Norv\u0113\u0123ijas oper\u0101. T\u0101pat vi\u0146a ir vad\u012bjusi noz\u012bm\u012bgus festiv\u0101lus un atz\u012btu or\u0137estru koncertus vis\u0101 pasaul\u0113, tostarp Francij\u0101, V\u0101cij\u0101, \u0160veic\u0113 un Austrij\u0101. Kop\u0161 2022. gada maija LNSO m\u0101kslinieciskais vad\u012bt\u0101js un galvenais diri\u0123ents ir somu diri\u0123ents Tarmo Peltokoski, ta\u010du Poskas k\u0101 galven\u0101s viesdiri\u0123entes loma nodro\u0161ina zin\u0101mu konsekvenci or\u0137estra rado\u0161aj\u0101 virz\u012bb\u0101. LNSO, kas dibin\u0101ts 1926. gad\u0101, gatavojas savai 100. sezonai, un t\u0101 v\u0113stur\u0113 ir daudz spo\u017eu sadarb\u012bbu ar pasaul\u0113 atz\u012btiem diri\u0123entiem un solistiem.<\/p>\n<p>M\u016bzikas dziedino\u0161ais sp\u0113ks un n\u0101kotnes v\u012bzijas<\/p>\n<p>Diri\u0123ente Poska ir paudusi dzi\u013cu p\u0101rliec\u012bbu par m\u016bzikas sp\u0113ju dziedin\u0101t un vienot, sakot: \u201cTicu, ka pasaules dziedin\u0101\u0161ana ir iesp\u0113jama.\u201d  \u0160\u012b filozofija atspogu\u013cojas vi\u0146as interpret\u0101cij\u0101s un pieej\u0101 darbam ar or\u0137estri. Vi\u0146a uzsver, ka, str\u0101d\u0101jot ar Latvijas Nacion\u0101lo simfonisko or\u0137estri, j\u016bt \u012bpa\u0161u rezonansi ar komponista P\u0113tera Vaska m\u016bziku, pau\u017eot apbr\u012bnu par t\u0101s emocion\u0101lo dzi\u013cumu un dv\u0113seliskumu. Poska ir p\u0101rliecin\u0101ta, ka m\u016bzika sp\u0113j p\u0101rvar\u0113t valodu un kult\u016bru barjeras, radot kop\u012bgu izpratni un emocion\u0101lu tuv\u012bbu starp m\u0101ksliniekiem un klaus\u012bt\u0101jiem. Vi\u0146as v\u012bzija ir rad\u012bt telpu, kur\u0101 m\u016bzika var k\u013c\u016bt par instrumentu gan person\u012bgajai, gan kolekt\u012bvajai izaugsmei un dziedin\u0101\u0161anai.<\/p>\n<p>N\u0101kamie so\u013ci un rado\u0161ie izaicin\u0101jumi<\/p>\n<p>\u0160obr\u012bd Krist\u012bna Poska turpina savu akt\u012bvo darb\u012bbu gan Eirop\u0101, gan Amerik\u0101, diri\u0123\u0113jot vado\u0161os or\u0137estrus un piedaloties noz\u012bm\u012bgos muzik\u0101los projektos. Vi\u0146a ir ar\u012b \u0161obr\u012bd Flandrijas simfonisk\u0101 or\u0137estra galven\u0101 diri\u0123ente un vad\u012bs Orchestre Fran\u00e7ais des Jeunes no 2025. gada. Lai gan LNSO \u0161obr\u012bd ir bez past\u0101v\u012bga m\u0101ksliniecisk\u0101 vad\u012bt\u0101ja, galven\u0101s viesdiri\u0123entes Poskas regul\u0101r\u0101 kl\u0101tb\u016btne nodro\u0161ina or\u0137estrim stabilu rado\u0161o att\u012bst\u012bbu un turpina veidot t\u0101 unik\u0101lo m\u0101ksliniecisko identit\u0101ti.  Vi\u0146as pieredze un talants ir v\u0113rt\u012bgs ieguld\u012bjums gan Latvijas Nacion\u0101l\u0101 simfonisk\u0101 or\u0137estra, gan pla\u0161\u0101kas klasisk\u0101s m\u016bzikas vides att\u012bst\u012bb\u0101.<\/p>\n","protected":false},"excerpt":{"rendered":"Igaunijas diri\u0123entes Krist\u012bnas Poskas un LNSO kop\u012bg\u0101 ce\u013ca s\u0101kums Kop\u0161 2021. gada rudens Latvijas Nacion\u0101lo simfonisko or\u0137estri (LNSO)&hellip;\n","protected":false},"author":2,"featured_media":202369,"comment_status":"","ping_status":"","sticky":false,"template":"","format":"standard","meta":{"footnotes":"","_share_on_mastodon":"0"},"categories":[19],"tags":[36791,89,90,2527,36436,35,39,38,36,37,34,5365,40],"class_list":["post-202368","post","type-post","status-publish","format-standard","has-post-thumbnail","category-izklaide","tag-dirigente","tag-entertainment","tag-izklaide","tag-klasiska-muzika","tag-kristina-poska","tag-latvia","tag-latvian","tag-latviesu","tag-latviesu-valoda","tag-latviesuvaloda","tag-latvija","tag-lnso","tag-lv"],"share_on_mastodon":{"url":"https:\/\/pubeurope.com\/@lv\/116573354453380091","error":""},"_links":{"self":[{"href":"https:\/\/www.europesays.com\/lv\/wp-json\/wp\/v2\/posts\/202368","targetHints":{"allow":["GET"]}}],"collection":[{"href":"https:\/\/www.europesays.com\/lv\/wp-json\/wp\/v2\/posts"}],"about":[{"href":"https:\/\/www.europesays.com\/lv\/wp-json\/wp\/v2\/types\/post"}],"author":[{"embeddable":true,"href":"https:\/\/www.europesays.com\/lv\/wp-json\/wp\/v2\/users\/2"}],"replies":[{"embeddable":true,"href":"https:\/\/www.europesays.com\/lv\/wp-json\/wp\/v2\/comments?post=202368"}],"version-history":[{"count":0,"href":"https:\/\/www.europesays.com\/lv\/wp-json\/wp\/v2\/posts\/202368\/revisions"}],"wp:featuredmedia":[{"embeddable":true,"href":"https:\/\/www.europesays.com\/lv\/wp-json\/wp\/v2\/media\/202369"}],"wp:attachment":[{"href":"https:\/\/www.europesays.com\/lv\/wp-json\/wp\/v2\/media?parent=202368"}],"wp:term":[{"taxonomy":"category","embeddable":true,"href":"https:\/\/www.europesays.com\/lv\/wp-json\/wp\/v2\/categories?post=202368"},{"taxonomy":"post_tag","embeddable":true,"href":"https:\/\/www.europesays.com\/lv\/wp-json\/wp\/v2\/tags?post=202368"}],"curies":[{"name":"wp","href":"https:\/\/api.w.org\/{rel}","templated":true}]}}