{"id":20238,"date":"2025-10-13T13:28:07","date_gmt":"2025-10-13T13:28:07","guid":{"rendered":"https:\/\/www.europesays.com\/lv\/20238\/"},"modified":"2025-10-13T13:28:07","modified_gmt":"2025-10-13T13:28:07","slug":"nacionalaja-teatri-pirmizradi-aizvadijis-uldim-stabulniekam-veltits-muzikals-uzvedums","status":"publish","type":"post","link":"https:\/\/www.europesays.com\/lv\/20238\/","title":{"rendered":"Nacion\u0101laj\u0101 te\u0101tr\u012b pirmizr\u0101di aizvad\u012bjis Uldim Stabulniekam velt\u012bts muzik\u0101ls uzvedums"},"content":{"rendered":"<p>Nacion\u0101laj\u0101 te\u0101tr\u012b Marijas B\u0113rzi\u0146as re\u017eij\u0101 tapis velt\u012bjums Ulda Stabulnieka 80 gadu jubilejai \u2013 koncertiestud\u0113jums &#8220;Dievi\u0161\u0137\u0101s nejau\u0161\u012bbas&#8221;. Pirmizr\u0101de uz te\u0101tra Liel\u0101s skatuves izskan\u0113ja tie\u0161i komponista dzim\u0161anas dien\u0101 \u2013 8. oktobr\u012b.<\/p>\n<p>Koncerta ideju izlolojusi re\u017eisore Marija B\u0113rzi\u0146a, atceroties Uldi Stabulnieku (1945 \u2013 2012) k\u0101 \u0123imenes draugu, onkuli &#8220;Tikunt\u0101 ar b\u0101rdu un \u016bs\u0101m&#8221;. K\u0101 liecina apz\u012bm\u0113jums, tas ir laiks, kad Latvij\u0101 nav vietas, kur\u0101 cilv\u0113ki nedungotu \u0161o vienu no sp\u0113c\u012bg\u0101kaj\u0101m Atmodas laika dziesm\u0101m \u2013 par Latviju, kas ir par mazu, lai to pasaul\u0113 palaistu vienu.<\/p>\n<p class=\"western\">Tom\u0113r Stabulnieka m\u016bzika aptver daudz vair\u0101k m\u016bzikas \u017eanru, t\u0101p\u0113c koncertiestud\u0113jums, godinot un pieminot komponistu vi\u0146a 80 gadu jubilej\u0101, top uz Nacion\u0101l\u0101 te\u0101tra skatuves. Taj\u0101 \u012bpa\u0161a uzman\u012bba piev\u0113rsta Ulda Stabulnieka te\u0101tra m\u016bzikas \u0161edevriem Izskan\u0113s ar\u012b citas dziesmas, vi\u0146a iem\u012b\u013cotu autoru dzeja un priv\u0101t\u0101s korespondences fragmenti, mekl\u0113jot vi\u0146a m\u016bzik\u0101 visas rakstura \u0161\u0137autnes \u2013 ne tikai patriotisko st\u012bgu, bet ar\u012b nostal\u0123isko un \u0161\u0137elm\u012bgo.<\/p>\n<p class=\"western\">&#8220;Lielu da\u013cu savas te\u0101tra m\u016bzikas Uldis ir sarakst\u012bjis tie\u0161i Nacion\u0101lajam te\u0101trim un vi\u0146a 50 gadu jubilejas koncerts ar\u012b notika uz \u0161\u012bs skatuves. Par devumu te\u0101tra m\u0101ksl\u0101 un par \u0161o jubilejas koncertu vi\u0146\u0161 ir sa\u0146\u0113mis Lielo m\u016bzikas balvu,&#8221; saka re\u017eisore Marija B\u0113rzi\u0146a.<\/p>\n<p class=\"western\">&#8220;[..] 70 procenti cilv\u0113ku m\u016bzik\u0101 dzird melodiju, tikai 30 procenti sadzird ar\u012b v\u0101rdus. Uldis, k\u0101 zin\u0101ms, vienm\u0113r ir izv\u0113l\u0113jies labu dzeju. Katrs ska\u0146darbs vi\u0146am ir k\u0101 kr\u0101sains un dramatur\u0123iski pabeigts st\u0101sts. Man tas \u0161\u0137iet interesants uzdevums aktieriem \u2013 k\u0101 Uldis teicis \u2013 &#8220;nodzied\u0101t dzejoli&#8221;. Uldim ir laba humora izj\u016bta un burv\u012bga pa\u0161ironija, un v\u0113l \u2013 Ulda m\u016bzika uz cilv\u0113kiem atst\u0101j terapeitiski labv\u0113l\u012bgu iespaidu \u2013 t\u0101 ir sirsn\u012bgi smeldz\u012bga un silta. T\u0101ds ar\u012b b\u016bs m\u016bsu velt\u012bjums komponista jubilej\u0101,&#8221; pau\u017e iestud\u0113juma autore.<\/p>\n<p class=\"western\">M\u0101ksliniecisk\u0101 komanda: re\u017eisore Marija B\u0113rzi\u0146a, scenogr\u0101fs un gaismu m\u0101kslinieks Oskars Pauli\u0146\u0161, kost\u012bmu m\u0101ksliniece <a rel=\"noopener nofollow\" target=\"_blank\" href=\"https:\/\/www.delfi.lv\/temas\/44833806\/madara-botmane\" tag-id=\"44833806\">Madara Botmane<\/a>, video m\u0101kslinieks Toms Ze\u013c\u0123is, muzik\u0101l\u0101 noform\u0113juma autors Aleksandrs Tomass Matjussons, vok\u0101l\u0101 producente <a rel=\"noopener nofollow\" target=\"_blank\" href=\"https:\/\/www.delfi.lv\/temas\/40366679\/zane-dombrovska\" tag-id=\"40366679\">Zane Dombrovska<\/a>, horeogr\u0101fe Inga Raudinga.<\/p>\n<p class=\"western\">Lom\u0101s: Madara Botmane, <a rel=\"noopener nofollow\" target=\"_blank\" href=\"https:\/\/www.delfi.lv\/temas\/45009418\/maija-doveika\" tag-id=\"45009418\">Maija Doveika<\/a>, Elza R\u016bta Jord\u0101ne, M\u0101rti\u0146\u0161 Br\u016bveris, <a rel=\"noopener nofollow\" target=\"_blank\" href=\"https:\/\/www.delfi.lv\/temas\/47063445\/raimonds-celms\" tag-id=\"47063445\">Raimonds Celms<\/a>, <a rel=\"noopener nofollow\" target=\"_blank\" href=\"https:\/\/www.delfi.lv\/temas\/47420151\/marcis-manjakovs\" tag-id=\"47420151\">M\u0101rcis Ma\u0146jakovs<\/a>, <a rel=\"noopener nofollow\" target=\"_blank\" href=\"https:\/\/www.delfi.lv\/temas\/40366569\/egils-melbardis\" tag-id=\"40366569\">Egils Melb\u0101rdis<\/a>, Uldis Sili\u0146\u0161 un <a rel=\"noopener nofollow\" target=\"_blank\" href=\"https:\/\/www.delfi.lv\/temas\/40409857\/ivars-kalnins\" tag-id=\"40409857\">Ivars Kalni\u0146\u0161<\/a>.<\/p>\n<p class=\"western\">Koncerta pavado\u0161aj\u0101 m\u016bzi\u0137u grup\u0101 piedal\u0101s: Andis Klu\u010dnieks (alta flauta), Zane Heimr\u0101te (saksofons), Sandris Skeranskis (trompete), Vadims Dmitrijevs (trombons), Arians Sevi\u0161\u0137is (\u0123it\u0101ra), <a rel=\"noopener nofollow\" target=\"_blank\" href=\"https:\/\/www.delfi.lv\/temas\/40363351\/peteris-liepins\" tag-id=\"40363351\">P\u0113teris Liepi\u0146\u0161<\/a> (kontrabass), Rom\u0101ns Vendi\u0146\u0161 (klavieres), Dairis Petrauskis (bungas) un Krist\u012bne C\u012brule, \u0122irts Gail\u012btis, Valters L\u012bcis, Linda P\u0113tersone (fona vok\u0101ls).<\/p>\n<p>Bi\u013cetes uz koncetuzvedumu nop\u0113rkamas &#8220;Bi\u013ce\u0161u parad\u012bzes&#8221; kas\u0113s. Tuv\u0101kie koncerti notiks 6. un 7. decembr\u012b Nacion\u0101l\u0101 te\u0101tra Lielaj\u0101 z\u0101l\u0113, 7. novembr\u012b Ventspil\u012b, Te\u0101tra nam\u0101 &#8220;J\u016bras v\u0101rti&#8221;.<\/p>\n<p class=\"m-0\">Seko &#8220;Delfi&#8221; ar\u012b  <a target=\"_blank\" href=\"https:\/\/www.instagram.com\/delfi.lv\/\" rel=\"nofollow noopener\">Instagram<\/a>  un <a target=\"_blank\" href=\"https:\/\/www.youtube.com\/channel\/UCw5foWtcJvAbUm64rv7jwUQ\" rel=\"nofollow noopener\">YouTube<\/a>  profil\u0101 \u2013 pievienojies, lai uzzin\u0101tu svar\u012bg\u0101ko un interesant\u0101ko pirmais!<\/p>\n<p>Publik\u0101cijas saturs vai t\u0101s jebk\u0101da apjoma da\u013ca ir aizsarg\u0101ts autorties\u012bbu objekts Autorties\u012bbu likuma izpratn\u0113, un t\u0101 izmanto\u0161ana bez izdev\u0113ja at\u013caujas ir aizliegta. Vair\u0101k lasi  <a target=\"_blank\" href=\"https:\/\/www.delfi.lv\/noteikumi#autortiesibas\" rel=\"nofollow noopener\">\u0161eit<\/a><script async src=\"\/\/www.instagram.com\/embed.js\"><\/script><\/p>\n","protected":false},"excerpt":{"rendered":"Nacion\u0101laj\u0101 te\u0101tr\u012b Marijas B\u0113rzi\u0146as re\u017eij\u0101 tapis velt\u012bjums Ulda Stabulnieka 80 gadu jubilejai \u2013 koncertiestud\u0113jums &#8220;Dievi\u0161\u0137\u0101s nejau\u0161\u012bbas&#8221;. Pirmizr\u0101de uz&hellip;\n","protected":false},"author":2,"featured_media":20239,"comment_status":"","ping_status":"","sticky":false,"template":"","format":"standard","meta":{"footnotes":""},"categories":[19],"tags":[980,89,6566,90,35,39,38,36,37,34,1376,40,6567,6568,6570,6564,6569,2600,6565],"class_list":{"0":"post-20238","1":"post","2":"type-post","3":"status-publish","4":"format-standard","5":"has-post-thumbnail","7":"category-izklaide","8":"tag-egils-melbardis","9":"tag-entertainment","10":"tag-ivars-kalnins","11":"tag-izklaide","12":"tag-latvia","13":"tag-latvian","14":"tag-latviesu","15":"tag-latviesu-valoda","16":"tag-latviesuvaloda","17":"tag-latvija","18":"tag-latvijas-nacionalais-teatris","19":"tag-lv","20":"tag-madara-botmane","21":"tag-maija-doveika","22":"tag-marcis-manjakovs","23":"tag-peteris-liepins","24":"tag-raimonds-celms","25":"tag-uldis-stabulnieks","26":"tag-zane-dombrovska"},"share_on_mastodon":{"url":"","error":""},"_links":{"self":[{"href":"https:\/\/www.europesays.com\/lv\/wp-json\/wp\/v2\/posts\/20238","targetHints":{"allow":["GET"]}}],"collection":[{"href":"https:\/\/www.europesays.com\/lv\/wp-json\/wp\/v2\/posts"}],"about":[{"href":"https:\/\/www.europesays.com\/lv\/wp-json\/wp\/v2\/types\/post"}],"author":[{"embeddable":true,"href":"https:\/\/www.europesays.com\/lv\/wp-json\/wp\/v2\/users\/2"}],"replies":[{"embeddable":true,"href":"https:\/\/www.europesays.com\/lv\/wp-json\/wp\/v2\/comments?post=20238"}],"version-history":[{"count":0,"href":"https:\/\/www.europesays.com\/lv\/wp-json\/wp\/v2\/posts\/20238\/revisions"}],"wp:featuredmedia":[{"embeddable":true,"href":"https:\/\/www.europesays.com\/lv\/wp-json\/wp\/v2\/media\/20239"}],"wp:attachment":[{"href":"https:\/\/www.europesays.com\/lv\/wp-json\/wp\/v2\/media?parent=20238"}],"wp:term":[{"taxonomy":"category","embeddable":true,"href":"https:\/\/www.europesays.com\/lv\/wp-json\/wp\/v2\/categories?post=20238"},{"taxonomy":"post_tag","embeddable":true,"href":"https:\/\/www.europesays.com\/lv\/wp-json\/wp\/v2\/tags?post=20238"}],"curies":[{"name":"wp","href":"https:\/\/api.w.org\/{rel}","templated":true}]}}