{"id":20240,"date":"2025-10-13T13:30:08","date_gmt":"2025-10-13T13:30:08","guid":{"rendered":"https:\/\/www.europesays.com\/lv\/20240\/"},"modified":"2025-10-13T13:30:08","modified_gmt":"2025-10-13T13:30:08","slug":"ipad-pro-macbook-pro-un-vision-pro-sanem-jaudu-lente-lv","status":"publish","type":"post","link":"https:\/\/www.europesays.com\/lv\/20240\/","title":{"rendered":"iPad Pro, MacBook Pro un Vision Pro sa\u0146em jaudu\u00a0\u2014\u00a0Lente.lv"},"content":{"rendered":"<p>Jaunumi no Apple: M5 mikrosh\u0113ma debit\u0113 ar iPad Pro, MacBook Pro un Vision Pro<\/p>\n<p>\u0160oned\u0113\u013c Apple gatavojas p\u0101rsteigt tehnolo\u0123iju pasauli ar vair\u0101kiem gaid\u012btiem jaunin\u0101jumiem, kuru centr\u0101lais elements b\u016bs jaun\u0101 M5 mikrosh\u0113ma. K\u0101 zi\u0146o Bloomberg \u017eurn\u0101lists Marks Gurmans, \u0161\u012b jaud\u012bg\u0101 procesora debija notiks uzreiz tr\u012bs ier\u012bc\u0113s: iPad Pro, MacBook Pro un pat virtu\u0101l\u0101s realit\u0101tes austi\u0146\u0101s Vision Pro. Tas viss notiks bez ierast\u0101s pompoz\u0101s Apple Park prezent\u0101cijas, vienk\u0101r\u0161i ar tie\u0161saistes pazi\u0146ojumiem, kas liecina par Apple arvien liel\u0101ku tendenci uz digit\u0101liem publiskiem pazi\u0146ojumiem.<\/p>\n<p>M5 mikrosh\u0113mas debija un t\u0101s ietekme uz produktiem<\/p>\n<p>Marks Gurmans sav\u0101 ikned\u0113\u013cas izdevum\u0101 &#8220;Power On&#8221; atkl\u0101j, ka Apple ir uz izsaukuma robe\u017eas, lai iepaz\u012bstin\u0101tu ar pirmie produktiem, kas apr\u012bkoti ar jauno M5 mikrosh\u0113mu. Paredzams, ka tas b\u016bs atjaunin\u0101tais iPad Pro, Vision Pro austi\u0146as ar uzlabotu galvas siksnu un b\u0101zes 14 collu MacBook Pro modelis. \u0160ie jaunumi ir praktiski gatavi masveida ra\u017eo\u0161anai, pie\u0161\u0137irot Apple produktu kl\u0101stam jaunu jaudas un efektivit\u0101tes l\u012bmeni.<\/p>\n<p>Interesanti, ka s\u0101kotn\u0113ji ar M5 tiks apr\u012bkoti tikai b\u0101zes mode\u013ci, atst\u0101jot jaud\u012bg\u0101k\u0101s M5 Pro un M5 Max versijas n\u0101kam\u0101 gada s\u0101kumam. \u0160\u012b strat\u0113\u0123ija nav jauna, jo pag\u0101ju\u0161aj\u0101 gad\u0101 l\u012bdz\u012bga pieeja tika izmantota ar M4 mikrosh\u0113mu s\u0113riju. \u0160obr\u012bd Apple veikalos nov\u0113rojams b\u0101zes M4 kl\u0113pjdatoru tr\u016bkums, kam\u0113r mode\u013ci ar M4 Pro un M4 Max joproj\u0101m ir pieejami. Tas bie\u017ei vien ir skaidrs sign\u0101ls par gaid\u0101mo atjaunin\u0101jumu \u2013 uz\u0146\u0113mums vienk\u0101r\u0161i izp\u0101rdod eso\u0161os kr\u0101jumus pirms jaun\u0101s s\u0113rijas ien\u0101k\u0161anas.<\/p>\n<p>iPad Pro un Vision Pro: Uzlabota pieredze un komforts<\/p>\n<p>Saska\u0146\u0101 ar Gurmana teikto, iPad Pro ar M5 saglab\u0101s savu pl\u0101no dizainu, ta\u010du ieg\u016bs iev\u0113rojami \u0101tr\u0101ku grafiku un jaud\u012bg\u0101ku Neural Engine, kas krietni uzlabos m\u0101ksl\u012bg\u0101 intelekta (MI) iesp\u0113jas. Tas sniegs lietot\u0101jiem v\u0113l vair\u0101k jaudas rado\u0161iem uzdevumiem un ikdienas lieto\u0161an\u0101. Ar\u012b Vision Pro piedz\u012bvos aparat\u016bras uzlabojumus \u2013 jaunu procesoru un inovat\u012bvu galvas siksnu dizainu, kas paredz\u0113ts, lai padar\u012btu austi\u0146u lieto\u0161anu ilg\u0101ku laiku \u0113rt\u0101ku un pat\u012bkam\u0101ku. \u0160ie uzlabojumi ir b\u016btiski, lai padar\u012btu Vision Pro pievilc\u012bg\u0101ku pla\u0161\u0101kam lietot\u0101ju lokam, padarot virtu\u0101lo pieredzi saisto\u0161\u0101ku.<\/p>\n<p>MacBook Pro: Akumulatora darb\u012bbas laika pagarin\u0101\u0161ana<\/p>\n<p>B\u0101zes 14 collu MacBook Pro ar M5 mikrosh\u0113mu galvenok\u0101rt koncentr\u0113sies uz akumulatora darb\u012bbas laika palielin\u0101\u0161anu, nevis uz b\u016btisk\u0101m dizaina izmai\u0146\u0101m. \u0160\u012b pieeja ir lo\u0123iska, jo lietot\u0101jiem bie\u017ei vien augstu v\u0113rt\u0113 ilgu darb\u012bbas laiku starp uzl\u0101d\u0113m, kas \u013cauj str\u0101d\u0101t vai baud\u012bt izklaidi ilg\u0101k bez nepiecie\u0161am\u012bbas mekl\u0113t str\u0101vas kontaktligzdu.<\/p>\n<p>N\u0101kotnes pl\u0101ni un strat\u0113\u0123isk\u0101s p\u0101rmai\u0146as<\/p>\n<p>Apple ar\u012b str\u0101d\u0101 pie citiem produktiem, kas gaid\u0101mi l\u012bdz 2026. gada s\u0101kumam. Tie ietver jaunu iPad Air ar M4, atjaunin\u0101tu iPad ar A18 mikrosh\u0113mu, divus jaunus monitorus Mac datoriem, MacBook Air ar M5, k\u0101 ar\u012b atjaunin\u0101tas versijas AirTag, HomePod mini un Apple TV. T\u0101pat tiek pl\u0101nots ar\u012b jaunais iPhone 17e, kas b\u016bs orient\u0113ts uz zem\u0101ku cenu segmentu, papla\u0161inot Apple pied\u0101v\u0101jumu.<\/p>\n<p>Interesantas p\u0101rmai\u0146as notiek ar\u012b ar Vision produktu l\u012bniju. Apple ir atteicies no pl\u0101niem izlaist viegl\u0101ku un l\u0113t\u0101ku Vision Air versiju, t\u0101 viet\u0101 koncentr\u0113joties uz viedaj\u0101m brill\u0113m, kas b\u016bs tie\u0161s konkurents Ray-Ban Meta Glasses. \u0160is l\u0113mums ir saist\u012bts ar v\u0113lmi fokus\u0113t resursus uz potenci\u0101li masveida produktiem. Vision Pro paliks premium segment\u0101, ap 3000 USD, ta\u010du Apple paredz Vision produktu kl\u0101sta papla\u0161in\u0101\u0161anu \u2013 no vienk\u0101r\u0161\u0101m brill\u0113m bez displeja l\u012bdz pilnv\u0113rt\u012bg\u0101m AR versij\u0101m. \u0160\u012bs jaun\u0101s vied\u0101s brilles darbosies ar visionOS un sp\u0113s p\u0101rsl\u0113gties starp pilnv\u0113rt\u012bgu Mac re\u017e\u012bmu un vienk\u0101r\u0161ot\u0101ku iPhone re\u017e\u012bmu. Apple saskata milz\u012bgu potenci\u0101lu \u0161aj\u0101 virzien\u0101, uzskatot, ka MI-balst\u012btas vied\u0101s brilles var\u0113tu k\u013c\u016bt tikpat popul\u0101ras k\u0101 savulaik Apple Watch un pat laika gait\u0101 aizst\u0101t iPhone.<\/p>\n<p>Iek\u0161\u0113j\u0101 restrukturiz\u0101cija un produktu att\u012bst\u012bbas vad\u012bba<\/p>\n<p>Vienlaikus ar produktu atjaunin\u0101jumiem Apple veic ar\u012b iek\u0161\u0113jo restrukturiz\u0101ciju. P\u0113c operat\u012bv\u0101 direktora D\u017eefa Viljamsa aizie\u0161anas, vi\u0146a pien\u0101kumi tiks sadal\u012bti starp vair\u0101kiem augst\u0101kajiem vad\u012bt\u0101jiem. Health un Fitness+ komandas apvienosies zem Sumbulas Desai vad\u012bbas, un visa attiec\u012bg\u0101 darb\u012bba tiks nodota Edija Kju pakalpojumu departamentam. T\u0101pat watchOS komanda non\u0101ks Kreiga Federigi pak\u013caut\u012bb\u0101, kur\u0161 tagad atbild\u0113s par vis\u0101m Apple oper\u0113t\u0101jsist\u0113m\u0101m, iz\u0146emot tvOS. Jaunie Apple Watch tiek izstr\u0101d\u0101ti D\u017eona T\u0113rnusa un J\u016bd\u017e\u012bna Kima vad\u012bb\u0101. Tas liecina par nopietnu gatavo\u0161anos produktu vad\u012bbas sist\u0113mas m\u0113roga atjaunin\u0101jumam, kas tiek uzskat\u012bts par liel\u0101ko p\u0113d\u0113j\u0101s desmitgades laik\u0101.<\/p>\n","protected":false},"excerpt":{"rendered":"Jaunumi no Apple: M5 mikrosh\u0113ma debit\u0113 ar iPad Pro, MacBook Pro un Vision Pro \u0160oned\u0113\u013c Apple gatavojas p\u0101rsteigt&hellip;\n","protected":false},"author":2,"featured_media":20241,"comment_status":"","ping_status":"","sticky":false,"template":"","format":"standard","meta":{"footnotes":""},"categories":[16],"tags":[2122,77,76,6571,35,39,38,36,37,34,40,6573,6572,3978],"class_list":{"0":"post-20240","1":"post","2":"type-post","3":"status-publish","4":"format-standard","5":"has-post-thumbnail","7":"category-bizness","8":"tag-apple","9":"tag-bizness","10":"tag-business","11":"tag-ipad-pro","12":"tag-latvia","13":"tag-latvian","14":"tag-latviesu","15":"tag-latviesu-valoda","16":"tag-latviesuvaloda","17":"tag-latvija","18":"tag-lv","19":"tag-m5-mikroshema","20":"tag-macbook-pro","21":"tag-vision-pro"},"share_on_mastodon":{"url":"","error":""},"_links":{"self":[{"href":"https:\/\/www.europesays.com\/lv\/wp-json\/wp\/v2\/posts\/20240","targetHints":{"allow":["GET"]}}],"collection":[{"href":"https:\/\/www.europesays.com\/lv\/wp-json\/wp\/v2\/posts"}],"about":[{"href":"https:\/\/www.europesays.com\/lv\/wp-json\/wp\/v2\/types\/post"}],"author":[{"embeddable":true,"href":"https:\/\/www.europesays.com\/lv\/wp-json\/wp\/v2\/users\/2"}],"replies":[{"embeddable":true,"href":"https:\/\/www.europesays.com\/lv\/wp-json\/wp\/v2\/comments?post=20240"}],"version-history":[{"count":0,"href":"https:\/\/www.europesays.com\/lv\/wp-json\/wp\/v2\/posts\/20240\/revisions"}],"wp:featuredmedia":[{"embeddable":true,"href":"https:\/\/www.europesays.com\/lv\/wp-json\/wp\/v2\/media\/20241"}],"wp:attachment":[{"href":"https:\/\/www.europesays.com\/lv\/wp-json\/wp\/v2\/media?parent=20240"}],"wp:term":[{"taxonomy":"category","embeddable":true,"href":"https:\/\/www.europesays.com\/lv\/wp-json\/wp\/v2\/categories?post=20240"},{"taxonomy":"post_tag","embeddable":true,"href":"https:\/\/www.europesays.com\/lv\/wp-json\/wp\/v2\/tags?post=20240"}],"curies":[{"name":"wp","href":"https:\/\/api.w.org\/{rel}","templated":true}]}}