{"id":20250,"date":"2025-10-13T13:37:12","date_gmt":"2025-10-13T13:37:12","guid":{"rendered":"https:\/\/www.europesays.com\/lv\/20250\/"},"modified":"2025-10-13T13:37:12","modified_gmt":"2025-10-13T13:37:12","slug":"krievija-mekle-pern-atbrivoto-opozicionaru-kara-murzu","status":"publish","type":"post","link":"https:\/\/www.europesays.com\/lv\/20250\/","title":{"rendered":"Krievija mekl\u0113 p\u0113rn atbr\u012bvoto opozicion\u0101ru Kara-Murzu"},"content":{"rendered":"<p>Nav zin\u0101ms, saska\u0146\u0101 ar k\u0101du krimin\u0101lkodeksa pantu politi\u0137is ir izsludin\u0101ts mekl\u0113\u0161an\u0101.<\/p>\n<p>August\u0101 Kara-Murzam tika atteikta Krievijas \u0101rzemju pases izsnieg\u0161ana. Tad Krievijas v\u0113stniec\u012bba ASV atsauc\u0101s uz Feder\u0101l\u0101 tiesu izpild\u012bt\u0101ju dienesta 2. j\u016blija v\u0113stuli un sp\u0113k\u0101 eso\u0161o ierobe\u017eojumu attiec\u012bb\u0101 uz izbrauk\u0161anu no Krievijas.<\/p>\n<p>Kara-Murzam Krievij\u0101 bija piespriesti 25 gadi cietum\u0101, tom\u0113r p\u0113rn 1. august\u0101 opozicion\u0101rs no cietuma tika atbr\u012bvots ar Rietumiem pan\u0101kt\u0101s ieslodz\u012bto apmai\u0146as ietvaros.<\/p>\n<p>Kop\u0101 ar cietiem apmai\u0146as ietvaros atbr\u012bvotajiem ieslodz\u012btajiem vi\u0146\u0161 no Krievijas tika nog\u0101d\u0101ts V\u0101cij\u0101.<\/p>\n<p>Taj\u0101 laik\u0101, k\u0101 nor\u0101d\u012bja pats opozicion\u0101rs, vi\u0146am bija beidzies \u0101rzemju pases der\u012bguma termi\u0146\u0161, t\u0101p\u0113c vi\u0146\u0161 iece\u013coja V\u0101cij\u0101, izmantojot Krievijas iek\u0161zemes pasi.<\/p>\n<p>2023. gad\u0101 Maskavas pils\u0113tas tiesa piesprieda Kara-Murzam 25 gadus cietum\u0101 par &#8220;viltus zi\u0146u&#8221; par Krievijas armiju izplat\u012b\u0161anu, piedal\u012b\u0161anos &#8220;nev\u0113lamas&#8221; organiz\u0101cijas darb\u012bb\u0101 un valsts nodev\u012bbu.<\/p>\n<p>Krimin\u0101lvaj\u0101\u0161anas iemesls cita starp\u0101 bija opoz\u012bcijas akt\u012bvista pretkara runa ASV Arizonas \u0161tata P\u0101rst\u0101vju pal\u0101t\u0101.<\/p>\n<p>2015. un 2017. gad\u0101 Kara-Murza tika hospitaliz\u0113ts ar saind\u0113\u0161an\u0101s simptomiem.<\/p>\n<p>V\u0113l\u0101k projekta &#8220;Bellingcat&#8221; p\u0113tnieki noskaidroja, ka pirms pirm\u0101s saind\u0113\u0161an\u0101s Kara-Murzu ir izsekoju\u0161i Krievijas Feder\u0101l\u0101 dro\u0161\u012bbas dienesta (FSB) darbinieki, ar\u012b Konstant\u012bns Kudrjavcevs, kas, p\u0113c visa sprie\u017eot, piedal\u012bjies opoz\u012bcijas l\u012bdera Alekseja Nava\u013cnija saind\u0113\u0161an\u0101 ar \u0137\u012bmisko ieroci &#8220;Novi\u010dok&#8221;.<\/p>\n","protected":false},"excerpt":{"rendered":"Nav zin\u0101ms, saska\u0146\u0101 ar k\u0101du krimin\u0101lkodeksa pantu politi\u0137is ir izsludin\u0101ts mekl\u0113\u0161an\u0101. August\u0101 Kara-Murzam tika atteikta Krievijas \u0101rzemju pases&hellip;\n","protected":false},"author":2,"featured_media":20251,"comment_status":"","ping_status":"","sticky":false,"template":"","format":"standard","meta":{"footnotes":""},"categories":[14],"tags":[23,57,28,29,32,33,22,234,30,31,35,39,38,36,37,34,40,20,26,27,24,25,6534,54,55,56,21,58],"class_list":{"0":"post-20250","1":"post","2":"type-post","3":"status-publish","4":"format-standard","5":"has-post-thumbnail","7":"category-zinas-no-arvalstim","8":"tag-aktualitates","9":"tag-arvalstim","10":"tag-breaking-news","11":"tag-breakingnews","12":"tag-featured-news","13":"tag-featurednews","14":"tag-headlines","15":"tag-krievija","16":"tag-latest-news","17":"tag-latestnews","18":"tag-latvia","19":"tag-latvian","20":"tag-latviesu","21":"tag-latviesu-valoda","22":"tag-latviesuvaloda","23":"tag-latvija","24":"tag-lv","25":"tag-news","26":"tag-popularakas-zinas","27":"tag-popularakaszinas","28":"tag-top-stories","29":"tag-topstories","30":"tag-vladimirs-kara-murza","31":"tag-world","32":"tag-world-news","33":"tag-worldnews","34":"tag-zinas","35":"tag-zinas-no-arvalstim"},"share_on_mastodon":{"url":"","error":""},"_links":{"self":[{"href":"https:\/\/www.europesays.com\/lv\/wp-json\/wp\/v2\/posts\/20250","targetHints":{"allow":["GET"]}}],"collection":[{"href":"https:\/\/www.europesays.com\/lv\/wp-json\/wp\/v2\/posts"}],"about":[{"href":"https:\/\/www.europesays.com\/lv\/wp-json\/wp\/v2\/types\/post"}],"author":[{"embeddable":true,"href":"https:\/\/www.europesays.com\/lv\/wp-json\/wp\/v2\/users\/2"}],"replies":[{"embeddable":true,"href":"https:\/\/www.europesays.com\/lv\/wp-json\/wp\/v2\/comments?post=20250"}],"version-history":[{"count":0,"href":"https:\/\/www.europesays.com\/lv\/wp-json\/wp\/v2\/posts\/20250\/revisions"}],"wp:featuredmedia":[{"embeddable":true,"href":"https:\/\/www.europesays.com\/lv\/wp-json\/wp\/v2\/media\/20251"}],"wp:attachment":[{"href":"https:\/\/www.europesays.com\/lv\/wp-json\/wp\/v2\/media?parent=20250"}],"wp:term":[{"taxonomy":"category","embeddable":true,"href":"https:\/\/www.europesays.com\/lv\/wp-json\/wp\/v2\/categories?post=20250"},{"taxonomy":"post_tag","embeddable":true,"href":"https:\/\/www.europesays.com\/lv\/wp-json\/wp\/v2\/tags?post=20250"}],"curies":[{"name":"wp","href":"https:\/\/api.w.org\/{rel}","templated":true}]}}