{"id":20273,"date":"2025-10-13T13:55:28","date_gmt":"2025-10-13T13:55:28","guid":{"rendered":"https:\/\/www.europesays.com\/lv\/20273\/"},"modified":"2025-10-13T13:55:28","modified_gmt":"2025-10-13T13:55:28","slug":"polijas-rallija-sezona-nosledzas-ar-tragediju-motoru-sports-sportacentrs-com","status":"publish","type":"post","link":"https:\/\/www.europesays.com\/lv\/20273\/","title":{"rendered":"Polijas rallija sezona nosl\u0113dzas ar tra\u0123\u0113diju \u2013 Motoru sports \u2013 Sportacentrs.com"},"content":{"rendered":"<p>Negad\u012bjums notika rallija sestaj\u0101 \u0101trumposm\u0101, kad avar\u0113ja ekip\u0101\u017ea ar &#8220;BMW M3 E36&#8221; automobili. Sp\u0113krats ietriec\u0101s kok\u0101 un aizdeg\u0101s, bet boj\u0101 g\u0101ja 40 gadus vecais pilots Arturs Sekovskis, kam\u0113r st\u016brmanis Maciejs Krzisiks tika nog\u0101d\u0101ts slimn\u012bc\u0101 ar traum\u0101m.<\/p>\n<p>Sekovskis bija labi zin\u0101ms pilots Polijas rallija aprind\u0101s, viens no savas kategorijas vado\u0161ajiem sportistiem. \u0160aj\u0101 rallij\u0101 vi\u0146\u0161 bija v\u0113sturisko automobi\u013cu ieskaites l\u012bderis kop\u0161 sacens\u012bbu s\u0101kuma un ie\u0146\u0113ma pirmo poz\u012bciju ar\u012b pirms tra\u0123isk\u0101 negad\u012bjuma.<\/p>\n<p>\u0160is turkl\u0101t nebija vien\u012bgais incidents ar cietu\u0161ajiem. Jau pirmaj\u0101 \u0101trumposm\u0101 un sliden\u0101 asfalta Timoteu\u017es Abramovskis nesavald\u012bja savu &#8220;Citro\u00ebn C3 Rally2&#8221; automobili un uzsl\u012bd\u0113ja trases mal\u0101 st\u0101vo\u0161ajiem fotogr\u0101fiem. Vair\u0101ki no tiem nog\u0101d\u0101ti medi\u0137u apr\u016bp\u0113.<\/p>\n<p>Par 2025. gada Polijas rallija \u010dempionu absol\u016btaj\u0101 ieskait\u0113 jau priek\u0161laic\u012bgi bija k\u013cuvis Jakubs Matulka.<\/p>\n<p>Izmantotie resursi:<br \/><a target=\"_blank\" href=\"http:\/\/www.przegladsportowy.onet.pl\" rel=\"nofollow noopener\">Przegl\u0105d Sportowy Onet &#8211; wiadomo\u015bci sportowe,&#8230;<\/a><br \/><a target=\"_blank\" href=\"http:\/\/www.sportowefakty.wp.pl\" rel=\"nofollow noopener\">Sport w WP SportoweFakty &#8211; wiadomo\u015bci sportowe,&#8230;<\/a><\/p>\n","protected":false},"excerpt":{"rendered":"Negad\u012bjums notika rallija sestaj\u0101 \u0101trumposm\u0101, kad avar\u0113ja ekip\u0101\u017ea ar &#8220;BMW M3 E36&#8221; automobili. Sp\u0113krats ietriec\u0101s kok\u0101 un aizdeg\u0101s,&hellip;\n","protected":false},"author":2,"featured_media":20274,"comment_status":"","ping_status":"","sticky":false,"template":"","format":"standard","meta":{"footnotes":""},"categories":[14],"tags":[23,57,28,29,32,33,22,30,31,35,39,38,36,37,34,40,165,20,26,27,24,25,54,55,56,21,58],"class_list":{"0":"post-20273","1":"post","2":"type-post","3":"status-publish","4":"format-standard","5":"has-post-thumbnail","7":"category-zinas-no-arvalstim","8":"tag-aktualitates","9":"tag-arvalstim","10":"tag-breaking-news","11":"tag-breakingnews","12":"tag-featured-news","13":"tag-featurednews","14":"tag-headlines","15":"tag-latest-news","16":"tag-latestnews","17":"tag-latvia","18":"tag-latvian","19":"tag-latviesu","20":"tag-latviesu-valoda","21":"tag-latviesuvaloda","22":"tag-latvija","23":"tag-lv","24":"tag-motoru-sports","25":"tag-news","26":"tag-popularakas-zinas","27":"tag-popularakaszinas","28":"tag-top-stories","29":"tag-topstories","30":"tag-world","31":"tag-world-news","32":"tag-worldnews","33":"tag-zinas","34":"tag-zinas-no-arvalstim"},"share_on_mastodon":{"url":"","error":""},"_links":{"self":[{"href":"https:\/\/www.europesays.com\/lv\/wp-json\/wp\/v2\/posts\/20273","targetHints":{"allow":["GET"]}}],"collection":[{"href":"https:\/\/www.europesays.com\/lv\/wp-json\/wp\/v2\/posts"}],"about":[{"href":"https:\/\/www.europesays.com\/lv\/wp-json\/wp\/v2\/types\/post"}],"author":[{"embeddable":true,"href":"https:\/\/www.europesays.com\/lv\/wp-json\/wp\/v2\/users\/2"}],"replies":[{"embeddable":true,"href":"https:\/\/www.europesays.com\/lv\/wp-json\/wp\/v2\/comments?post=20273"}],"version-history":[{"count":0,"href":"https:\/\/www.europesays.com\/lv\/wp-json\/wp\/v2\/posts\/20273\/revisions"}],"wp:featuredmedia":[{"embeddable":true,"href":"https:\/\/www.europesays.com\/lv\/wp-json\/wp\/v2\/media\/20274"}],"wp:attachment":[{"href":"https:\/\/www.europesays.com\/lv\/wp-json\/wp\/v2\/media?parent=20273"}],"wp:term":[{"taxonomy":"category","embeddable":true,"href":"https:\/\/www.europesays.com\/lv\/wp-json\/wp\/v2\/categories?post=20273"},{"taxonomy":"post_tag","embeddable":true,"href":"https:\/\/www.europesays.com\/lv\/wp-json\/wp\/v2\/tags?post=20273"}],"curies":[{"name":"wp","href":"https:\/\/api.w.org\/{rel}","templated":true}]}}