{"id":20289,"date":"2025-10-13T14:15:08","date_gmt":"2025-10-13T14:15:08","guid":{"rendered":"https:\/\/www.europesays.com\/lv\/20289\/"},"modified":"2025-10-13T14:15:08","modified_gmt":"2025-10-13T14:15:08","slug":"igaunijas-policija-aizturejusi-roslikovu","status":"publish","type":"post","link":"https:\/\/www.europesays.com\/lv\/20289\/","title":{"rendered":"Igaunijas policija aiztur\u0113jusi Ros\u013cikovu"},"content":{"rendered":"<p>Pag\u0101ju\u0161aj\u0101 ned\u0113\u013c\u0101 tika pazi\u0146ots, ka Tallinas pa\u0161vald\u012bbas v\u0113l\u0113\u0161an\u0101s no parlamenta opoz\u012bcij\u0101 eso\u0161\u0101s Centra partijas kandid\u0113jo\u0161\u0101 Olga Ivanova organiz\u0113 visu tr\u012bs Baltijas valstu p\u0101rst\u0101vju tik\u0161anos, lai run\u0101tu par krievu situ\u0101ciju Igaunij\u0101, Latvij\u0101 un Lietuv\u0101.<\/p>\n<p>Viens no uzaicin\u0101tajiem bija ar\u012b Ros\u013cikovs. Ivanova iepriek\u0161 st\u0101st\u012bja, ka tik\u0161an\u0101s ideja radusies sarun\u0101 ar Ros\u013cikovu. No Lietuvas uz tik\u0161anos tika uzaicin\u0101ts vair\u0101kk\u0101rt noties\u0101tais Antans Kandrots.<\/p>\n<p>Pirmdienas p\u0113cpusdien\u0101 Ros\u013cikovs soci\u0101laj\u0101 medij\u0101 &#8220;Facebook&#8221; pazi\u0146oja, ka bija ce\u013c\u0101 uz tik\u0161anos ar kol\u0113\u0123iem, bet vi\u0146u aptur\u0113ja Igaunijas policija, kur likumsargi vi\u0146u inform\u0113ja, ka vi\u0146am ir aizliegts iece\u013cot valst\u012b. &#8220;\u0160obr\u012bd m\u0113s braucam uz policijas iecirkni, m\u0113s \u0161o lietu izskat\u012bsim,&#8221; vi\u0146\u0161 teica videoierakst\u0101.<\/p>\n<p>Saska\u0146\u0101 ar Igaunijas Iek\u0161lietu ministrijas sniegto inform\u0101ciju Ros\u013cikovam ir noteikts iece\u013co\u0161anas aizliegums l\u012bdz 20. oktobrim. Policijas un robe\u017esardzes departament\u0101 apstiprin\u0101ja, ka t\u0101s darbinieki ir aiztur\u0113ju\u0161i Ros\u013cikovu un p\u0101rbaud\u012bju\u0161i vi\u0146a dokumentus. T\u0101 k\u0101 vi\u0146am nav ties\u012bbu iece\u013cot Igaunij\u0101, vi\u0146\u0161 tiks nos\u016bt\u012bts atpaka\u013c uz Latviju.<\/p>\n<p>Igaunijas iek\u0161lietu ministrs Igors Taro sabiedriskajai raidorganiz\u0101cijai ERR sac\u012bja, ka l\u0113mums tika pie\u0146emts, pamatojoties uz politi\u0137a darb\u012bbas rad\u012bto risku nov\u0113rt\u0113jumu.<\/p>\n","protected":false},"excerpt":{"rendered":"Pag\u0101ju\u0161aj\u0101 ned\u0113\u013c\u0101 tika pazi\u0146ots, ka Tallinas pa\u0161vald\u012bbas v\u0113l\u0113\u0161an\u0101s no parlamenta opoz\u012bcij\u0101 eso\u0161\u0101s Centra partijas kandid\u0113jo\u0161\u0101 Olga Ivanova organiz\u0113&hellip;\n","protected":false},"author":2,"featured_media":20290,"comment_status":"","ping_status":"","sticky":false,"template":"","format":"standard","meta":{"footnotes":""},"categories":[5],"tags":[23,6576,28,29,32,33,22,73,30,31,35,39,38,36,37,34,40,20,26,27,24,25,21],"class_list":{"0":"post-20289","1":"post","2":"type-post","3":"status-publish","4":"format-standard","5":"has-post-thumbnail","7":"category-aktualitates","8":"tag-aktualitates","9":"tag-aleksejs-roslikovs","10":"tag-breaking-news","11":"tag-breakingnews","12":"tag-featured-news","13":"tag-featurednews","14":"tag-headlines","15":"tag-igaunija","16":"tag-latest-news","17":"tag-latestnews","18":"tag-latvia","19":"tag-latvian","20":"tag-latviesu","21":"tag-latviesu-valoda","22":"tag-latviesuvaloda","23":"tag-latvija","24":"tag-lv","25":"tag-news","26":"tag-popularakas-zinas","27":"tag-popularakaszinas","28":"tag-top-stories","29":"tag-topstories","30":"tag-zinas"},"share_on_mastodon":{"url":"","error":""},"_links":{"self":[{"href":"https:\/\/www.europesays.com\/lv\/wp-json\/wp\/v2\/posts\/20289","targetHints":{"allow":["GET"]}}],"collection":[{"href":"https:\/\/www.europesays.com\/lv\/wp-json\/wp\/v2\/posts"}],"about":[{"href":"https:\/\/www.europesays.com\/lv\/wp-json\/wp\/v2\/types\/post"}],"author":[{"embeddable":true,"href":"https:\/\/www.europesays.com\/lv\/wp-json\/wp\/v2\/users\/2"}],"replies":[{"embeddable":true,"href":"https:\/\/www.europesays.com\/lv\/wp-json\/wp\/v2\/comments?post=20289"}],"version-history":[{"count":0,"href":"https:\/\/www.europesays.com\/lv\/wp-json\/wp\/v2\/posts\/20289\/revisions"}],"wp:featuredmedia":[{"embeddable":true,"href":"https:\/\/www.europesays.com\/lv\/wp-json\/wp\/v2\/media\/20290"}],"wp:attachment":[{"href":"https:\/\/www.europesays.com\/lv\/wp-json\/wp\/v2\/media?parent=20289"}],"wp:term":[{"taxonomy":"category","embeddable":true,"href":"https:\/\/www.europesays.com\/lv\/wp-json\/wp\/v2\/categories?post=20289"},{"taxonomy":"post_tag","embeddable":true,"href":"https:\/\/www.europesays.com\/lv\/wp-json\/wp\/v2\/tags?post=20289"}],"curies":[{"name":"wp","href":"https:\/\/api.w.org\/{rel}","templated":true}]}}