{"id":20312,"date":"2025-10-13T14:53:11","date_gmt":"2025-10-13T14:53:11","guid":{"rendered":"https:\/\/www.europesays.com\/lv\/20312\/"},"modified":"2025-10-13T14:53:11","modified_gmt":"2025-10-13T14:53:11","slug":"no-15-oktobra-nekur-nedrikstes-braukt-atrak-par-90-km-h-iznemot-siguldas-sosejas-posmu-loti-labos-apstaklos","status":"publish","type":"post","link":"https:\/\/www.europesays.com\/lv\/20312\/","title":{"rendered":"No 15. oktobra nekur nedr\u012bkst\u0113s braukt \u0101tr\u0101k par 90 km\/h, iz\u0146emot Siguldas \u0161osejas posmu \u013coti labos apst\u0101k\u013cos"},"content":{"rendered":"<p>Vidzemes \u0161osejas posm\u0101 no R\u012bgas l\u012bdz Siguldai, kur darbojas adapt\u012bv\u0101 satiksmes vad\u012bba ar main\u012bgas inform\u0101cijas ce\u013caz\u012bm\u0113m, \u013coti labos brauk\u0161anas apst\u0101k\u013cos maksim\u0101lais brauk\u0161anas \u0101trums b\u016bs 100 km\/h ar\u012b ziemas sezon\u0101, bet, meteorolo\u0123iskajiem un brauk\u0161anas apst\u0101k\u013ciem pasliktinoties, at\u013cauto \u0101trumu tur samazin\u0101s l\u012bdz 90, 80 vai 70 km\/h.<\/p>\n<p>J\u0101\u0146em v\u0113r\u0101, ka ziemas period\u0101 brauk\u0161anas un meteorolo\u0123iskie apst\u0101k\u013ci var main\u012bties vair\u0101kas reizes dien\u0101, tostarp strauji, t\u0101d\u0113\u013c autovad\u012bt\u0101jiem j\u0101piev\u0113r\u0161 uzman\u012bba main\u012bg\u0101s inform\u0101cijas ce\u013caz\u012bmju nor\u0101d\u012bjumiem un tie j\u0101iev\u0113ro, atg\u0101dina LVC.<\/p>\n<p>Tikm\u0113r 32 valsts autoce\u013cu posmos joproj\u0101m turpin\u0101s b\u016bvdarbi. Autovad\u012bt\u0101ji tiek aicin\u0101ti nep\u0101rk\u0101pt b\u016bvlaukumos noteiktos satiksmes ierobe\u017eojumus, lai neapdraud\u0113tu sevi, citus satiksmes dal\u012bbniekus un ar\u012b b\u016bvniekus.<\/p>\n<p>LVC m\u0101jaslap\u0101 atrodamaj\u0101 b\u016bvdarbu kart\u0113 ir pieejama inform\u0101cija par visiem aktu\u0101lajiem b\u016bvdarbiem un satiksmes ierobe\u017eojumiem valsts autoce\u013cu t\u012bkl\u0101.<\/p>\n","protected":false},"excerpt":{"rendered":"Vidzemes \u0161osejas posm\u0101 no R\u012bgas l\u012bdz Siguldai, kur darbojas adapt\u012bv\u0101 satiksmes vad\u012bba ar main\u012bgas inform\u0101cijas ce\u013caz\u012bm\u0113m, \u013coti labos&hellip;\n","protected":false},"author":2,"featured_media":20313,"comment_status":"","ping_status":"","sticky":false,"template":"","format":"standard","meta":{"footnotes":""},"categories":[12],"tags":[23,28,29,120,32,33,22,30,31,35,39,38,36,37,34,40,20,26,27,1529,1528,24,25,21],"class_list":{"0":"post-20312","1":"post","2":"type-post","3":"status-publish","4":"format-standard","5":"has-post-thumbnail","7":"category-latvija","8":"tag-aktualitates","9":"tag-breaking-news","10":"tag-breakingnews","11":"tag-celu-satiksme","12":"tag-featured-news","13":"tag-featurednews","14":"tag-headlines","15":"tag-latest-news","16":"tag-latestnews","17":"tag-latvia","18":"tag-latvian","19":"tag-latviesu","20":"tag-latviesu-valoda","21":"tag-latviesuvaloda","22":"tag-latvija","23":"tag-lv","24":"tag-news","25":"tag-popularakas-zinas","26":"tag-popularakaszinas","27":"tag-satiksme","28":"tag-satiksmes-drosiba","29":"tag-top-stories","30":"tag-topstories","31":"tag-zinas"},"share_on_mastodon":{"url":"","error":""},"_links":{"self":[{"href":"https:\/\/www.europesays.com\/lv\/wp-json\/wp\/v2\/posts\/20312","targetHints":{"allow":["GET"]}}],"collection":[{"href":"https:\/\/www.europesays.com\/lv\/wp-json\/wp\/v2\/posts"}],"about":[{"href":"https:\/\/www.europesays.com\/lv\/wp-json\/wp\/v2\/types\/post"}],"author":[{"embeddable":true,"href":"https:\/\/www.europesays.com\/lv\/wp-json\/wp\/v2\/users\/2"}],"replies":[{"embeddable":true,"href":"https:\/\/www.europesays.com\/lv\/wp-json\/wp\/v2\/comments?post=20312"}],"version-history":[{"count":0,"href":"https:\/\/www.europesays.com\/lv\/wp-json\/wp\/v2\/posts\/20312\/revisions"}],"wp:featuredmedia":[{"embeddable":true,"href":"https:\/\/www.europesays.com\/lv\/wp-json\/wp\/v2\/media\/20313"}],"wp:attachment":[{"href":"https:\/\/www.europesays.com\/lv\/wp-json\/wp\/v2\/media?parent=20312"}],"wp:term":[{"taxonomy":"category","embeddable":true,"href":"https:\/\/www.europesays.com\/lv\/wp-json\/wp\/v2\/categories?post=20312"},{"taxonomy":"post_tag","embeddable":true,"href":"https:\/\/www.europesays.com\/lv\/wp-json\/wp\/v2\/tags?post=20312"}],"curies":[{"name":"wp","href":"https:\/\/api.w.org\/{rel}","templated":true}]}}