{"id":20319,"date":"2025-10-13T15:01:06","date_gmt":"2025-10-13T15:01:06","guid":{"rendered":"https:\/\/www.europesays.com\/lv\/20319\/"},"modified":"2025-10-13T15:01:06","modified_gmt":"2025-10-13T15:01:06","slug":"laikmetigais-kino-latvijas-dargumi-un-muzikas-video-jaunumi-lente-lv","status":"publish","type":"post","link":"https:\/\/www.europesays.com\/lv\/20319\/","title":{"rendered":"Laikmet\u012bgais kino, Latvijas d\u0101rgumi un m\u016bzikas video jaunumi\u00a0\u2014\u00a0Lente.lv"},"content":{"rendered":"<p>R\u012bgas Starptautiskais kino festiv\u0101ls (Riga IFF) atkl\u0101s savu 12. sezonu<\/p>\n<p>S\u0101kot ar 16. oktobri, R\u012bg\u0101 un Daugavpil\u012b norisin\u0101sies R\u012bgas Starptautisk\u0101 kino festiv\u0101la (Riga IFF) 12. sezona, pied\u0101v\u0101jot skat\u012bt\u0101jiem vair\u0101k nek\u0101 100 pilnmetr\u0101\u017eas un \u012bsfilmas. \u0160is pas\u0101kums ir liel\u0101kais starptautiskais kino notikums Latvij\u0101, kas pulc\u0113 gan viet\u0113jos, gan \u0101rvalstu viesus un kinom\u012b\u013cus. Festiv\u0101la vadmot\u012bvs \u0161ogad ir &#8220;See. Shift. Become.&#8221; (Redzi. Mainies. P\u0101rtopi.), aicinot skat\u012bt\u0101jus dzi\u013c\u0101k izjust un transform\u0113ties kinematogr\u0101fiskajos piedz\u012bvojumos.<\/p>\n<p>Laikmet\u012bg\u0101 kino d\u0101rgumi un atzin\u012bgi nov\u0113rt\u0113tas filmas<\/p>\n<p>Riga IFF 2025 sol\u0101s iepriecin\u0101t ar drosm\u012bgiem un svaigiem autoru skat\u012bjumiem no visas pasaules. Programm\u0101 iek\u013cautas filmas, kas sa\u0146\u0113mu\u0161as apbalvojumus presti\u017eos festiv\u0101los, tai skait\u0101 Kann\u0101s, Ven\u0113cij\u0101, Berl\u012bn\u0113 un Roterdam\u0101. Papildus \u0161iem zin\u0101majiem darbiem, festiv\u0101ls izcels ar\u012b apsl\u0113ptos laikmet\u012bg\u0101 kino d\u0101rgumus, pied\u0101v\u0101jot unik\u0101lu un daudzveid\u012bgu pieredzi. Festiv\u0101la galven\u0101 norises vieta R\u012bg\u0101 b\u016bs kinote\u0101tris &#8220;Splendid Palace&#8221;, ta\u010du filmas tiks demonstr\u0113tas ar\u012b &#8220;Forum Cinemas&#8221;, &#8220;K. Suns&#8221; un Latvijas Nacion\u0101laj\u0101 bibliot\u0113k\u0101. Festiv\u0101ls pied\u0101v\u0101s ar\u012b pla\u0161u pas\u0101kumu programmu kino profesion\u0101\u013ciem un interesentiem.<\/p>\n<p>Latvijas kino spilgt\u0101kie br\u012b\u017ei un m\u016bzikas video konkursa jaunumi<\/p>\n<p>\u0160\u012b gada Riga IFF \u012bpa\u0161i izcels Latvijas kino sasniegumus. Sagaid\u0101ma pirmizr\u0101de J\u0101\u0146a \u0100beles dokument\u0101lajai detekt\u012bvfilmai &#8220;P\u0113d\u0113j\u0101 griba&#8221;. T\u0101pat festiv\u0101lu atkl\u0101s un galvenaj\u0101 konkurs\u0101 start\u0113s \u0100be\u013cu br\u0101\u013cu anim\u0101cijas filma &#8220;Dieva suns&#8221;, kas ir ar\u012b Latvijas kandidat\u016bra &#8220;Oskara&#8221; balvai kategorij\u0101 &#8220;Lab\u0101k\u0101 starptautisk\u0101 pilnmetr\u0101\u017eas filma&#8221;. Ar savu unik\u0101lo skat\u012bjumu festiv\u0101l\u0101 sevi pieteiks ar\u012b Krista Bur\u0101ne muzik\u0101lais br\u012bvdabas uzvedums &#8220;Visi putni skaisti dzied&#8221;. Neizpaliks ar\u012b Baltijas m\u016bzikas video konkurss, kas \u0161ogad piev\u0113rs\u012bsies medit\u0101cijai un dziedin\u0101\u0161anai sare\u017e\u0123\u012btajos laikos, aicinot izbaud\u012bt m\u016bzikas video k\u0101 audiovizu\u0101lu notikumu, kas sp\u0113j uzrun\u0101t un eksperiment\u0113t ar \u017eanra robe\u017e\u0101m. Konkurs\u0101 piedal\u012bsies 15 lab\u0101kie aizvad\u012bt\u0101 gada Baltijas m\u016bzikas video, un par uzvar\u0113t\u0101ju tiks pasniegtas ar\u012b balvas.<\/p>\n<p>K\u0101 orient\u0113ties festiv\u0101la pied\u0101v\u0101jum\u0101<\/p>\n<p>Lai pal\u012bdz\u0113tu skat\u012bt\u0101jiem izv\u0113l\u0113ties sev interes\u0113jo\u0161\u0101s filmas no pla\u0161\u0101 programmas, Riga IFF pied\u0101v\u0101 da\u017e\u0101das tematisk\u0101s sada\u013cas un kuratoru veidotus sarakstus. Starp tiem ir &#8220;Lielie v\u0101rdi, liel\u0101s filmas&#8221;, &#8220;Apsl\u0113ptie d\u0101rgumi&#8221;, &#8220;Laikmet\u012bg\u0101s kino virsotnes&#8221;, k\u0101 ar\u012b sada\u013cas, kas velt\u012btas specifisk\u0101m t\u0113m\u0101m un \u017eanriem, piem\u0113ram, &#8220;Sabiedr\u012bba uz na\u017ea na\u017ea&#8221;, &#8220;Dabas balsis&#8221; un &#8220;M\u012blest\u012bbas kaliedoskops&#8221;. Katrai filmai festiv\u0101la m\u0101jaslap\u0101 pievienoti \u012bsi apraksti un ce\u013cav\u0101rdi, kas pal\u012bdz\u0113s izprast t\u0101s saturu un noska\u0146u. T\u0101pat b\u016bs iesp\u0113ja apmekl\u0113t seansus, kuros kl\u0101t b\u016bs filmas veidot\u0101ji \u2013 re\u017eisori, aktieri un producenti, lai p\u0113c seansa kl\u0101tien\u0113 uzdotu interes\u0113jo\u0161us jaut\u0101jumus.<\/p>\n","protected":false},"excerpt":{"rendered":"R\u012bgas Starptautiskais kino festiv\u0101ls (Riga IFF) atkl\u0101s savu 12. sezonu S\u0101kot ar 16. oktobri, R\u012bg\u0101 un Daugavpil\u012b norisin\u0101sies&hellip;\n","protected":false},"author":2,"featured_media":20320,"comment_status":"","ping_status":"","sticky":false,"template":"","format":"standard","meta":{"footnotes":""},"categories":[5],"tags":[23,28,29,32,33,22,3098,6587,30,31,35,39,38,36,37,34,100,40,6588,20,26,27,3876,24,25,21],"class_list":{"0":"post-20319","1":"post","2":"type-post","3":"status-publish","4":"format-standard","5":"has-post-thumbnail","7":"category-aktualitates","8":"tag-aktualitates","9":"tag-breaking-news","10":"tag-breakingnews","11":"tag-featured-news","12":"tag-featurednews","13":"tag-headlines","14":"tag-kino-festivals","15":"tag-laikmetigais-kino","16":"tag-latest-news","17":"tag-latestnews","18":"tag-latvia","19":"tag-latvian","20":"tag-latviesu","21":"tag-latviesu-valoda","22":"tag-latviesuvaloda","23":"tag-latvija","24":"tag-latvijas-kino","25":"tag-lv","26":"tag-muzikas-video-konkurss","27":"tag-news","28":"tag-popularakas-zinas","29":"tag-popularakaszinas","30":"tag-riga-iff","31":"tag-top-stories","32":"tag-topstories","33":"tag-zinas"},"share_on_mastodon":{"url":"","error":""},"_links":{"self":[{"href":"https:\/\/www.europesays.com\/lv\/wp-json\/wp\/v2\/posts\/20319","targetHints":{"allow":["GET"]}}],"collection":[{"href":"https:\/\/www.europesays.com\/lv\/wp-json\/wp\/v2\/posts"}],"about":[{"href":"https:\/\/www.europesays.com\/lv\/wp-json\/wp\/v2\/types\/post"}],"author":[{"embeddable":true,"href":"https:\/\/www.europesays.com\/lv\/wp-json\/wp\/v2\/users\/2"}],"replies":[{"embeddable":true,"href":"https:\/\/www.europesays.com\/lv\/wp-json\/wp\/v2\/comments?post=20319"}],"version-history":[{"count":0,"href":"https:\/\/www.europesays.com\/lv\/wp-json\/wp\/v2\/posts\/20319\/revisions"}],"wp:featuredmedia":[{"embeddable":true,"href":"https:\/\/www.europesays.com\/lv\/wp-json\/wp\/v2\/media\/20320"}],"wp:attachment":[{"href":"https:\/\/www.europesays.com\/lv\/wp-json\/wp\/v2\/media?parent=20319"}],"wp:term":[{"taxonomy":"category","embeddable":true,"href":"https:\/\/www.europesays.com\/lv\/wp-json\/wp\/v2\/categories?post=20319"},{"taxonomy":"post_tag","embeddable":true,"href":"https:\/\/www.europesays.com\/lv\/wp-json\/wp\/v2\/tags?post=20319"}],"curies":[{"name":"wp","href":"https:\/\/api.w.org\/{rel}","templated":true}]}}