{"id":20361,"date":"2025-10-13T16:29:08","date_gmt":"2025-10-13T16:29:08","guid":{"rendered":"https:\/\/www.europesays.com\/lv\/20361\/"},"modified":"2025-10-13T16:29:08","modified_gmt":"2025-10-13T16:29:08","slug":"adele-noslepumainas-prombutnes-iemesls-beidzot-atklats-lente-lv","status":"publish","type":"post","link":"https:\/\/www.europesays.com\/lv\/20361\/","title":{"rendered":"Adele nosl\u0113pumain\u0101s promb\u016btnes iemesls beidzot atkl\u0101ts\u00a0\u2014\u00a0Lente.lv"},"content":{"rendered":"<p>Adele nosl\u0113pumain\u0101s promb\u016btnes iemesls beidzot atkl\u0101ts<\/p>\n<p>Viena no pasaules liel\u0101kaj\u0101m m\u016bzikas zvaigzn\u0113m Adele p\u0113d\u0113jos se\u0161us m\u0113ne\u0161us ir bijusi gandr\u012bz piln\u012bg\u0101 anonimit\u0101t\u0113, radot spekul\u0101cijas par vi\u0146as nosl\u0113pumaino promb\u016btni. Tom\u0113r tagad beidzot ir atkl\u0101ts iemesls \u0161ai publiskajai pauzei, kas saist\u012bta ar vi\u0146as karjeras tempu un person\u012bg\u0101s dz\u012bves priorit\u0101t\u0113m.<\/p>\n<p>Pauze p\u0113c ilgsto\u0161iem koncertiem<\/p>\n<p>Adele, kura kop\u0161 pag\u0101ju\u0161\u0101 gada nosl\u0113dza savu v\u0113rien\u012bgo Lasvegasas rezident\u016bru, ir iev\u0113rojami samazin\u0101jusi savu publisko aktivit\u0101ti. Vi\u0146as rezident\u016bras \u0161ovi, kas norisin\u0101j\u0101s ar lieliem pan\u0101kumiem, nosl\u0113dz\u0101s 2024. gada novembr\u012b. \u0160\u012b pla\u0161\u0101 koncertu s\u0113rija, kas ilga vair\u0101k nek\u0101 divus gadus, bija Adeles atbilde uz nepiecie\u0161am\u012bbu p\u0113c stabil\u0101kas uzst\u0101\u0161an\u0101s vides, nevis pasaules m\u0113roga turnejas, kas \u013c\u0101va vi\u0146ai saglab\u0101t l\u012bdzsvaru un pavad\u012bt vair\u0101k laika ar savu d\u0113lu.<\/p>\n<p>P\u0113c \u0161iem intens\u012bvajiem gadiem uz skatuves, Adele publiski pazi\u0146oja par savu nodomu doties \u013coti ilg\u0101 p\u0101rtraukum\u0101 no m\u016bzikas industrijas. Vi\u0146a V\u0101cij\u0101 sniegtaj\u0101 intervij\u0101 atkl\u0101ja, ka vi\u0146as \u201etvertne ir diezgan tuk\u0161a\u201d un ka vi\u0146ai nav \u201enek\u0101du pl\u0101nu jaunai m\u016bzikai\u201d visp\u0101r. Vi\u0146a izteic\u0101s, ka v\u0113las \u201elielu p\u0101rtraukumu p\u0113c visa \u0161\u012b un dom\u0101ju, ka v\u0113los uz br\u012bdi nodarboties ar cit\u0101m rado\u0161\u0101m liet\u0101m\u201d.<\/p>\n<p>V\u0113lme p\u0113c \u201enorm\u0101las dz\u012bves\u201d un person\u012bgaj\u0101m amb\u012bcij\u0101m<\/p>\n<p>Adele jau pirms savas Lasvegasas rezident\u016bras s\u0101kuma izteic\u0101s, ka pl\u0101no pa\u0146emt p\u0101rtraukumu, iesp\u0113jams, lai turpin\u0101tu studijas ang\u013cu literat\u016br\u0101 vai piev\u0113rstos aktierm\u0101kslai. Lai gan vi\u0146a nav piln\u012bb\u0101 izsl\u0113gusi iesp\u0113ju atgriezties uz skatuves p\u0113c jauna albuma izdo\u0161anas, vi\u0146a uzsv\u0113ra, ka nesteidzas ar jebk\u0101du no \u0161\u012bm darb\u012bb\u0101m. Vi\u0146as v\u0113lme ir dz\u012bvot dz\u012bvi, ko vi\u0146a ir veidojusi p\u0113d\u0113jos septi\u0146us gadus, un baud\u012bt maz\u0101s lietas.<\/p>\n<p>\u0160is ilgsto\u0161ais klusuma periods ir rakstur\u012bgs Adeles karjerai. Starp vi\u0146as albumiem ir biju\u0161i iev\u0113rojami p\u0101rtraukumi: tr\u012bs gadi starp \u201e19\u201d un \u201e21\u201d, \u010detri gadi l\u012bdz \u201e25\u201d, un se\u0161i gadi l\u012bdz jaun\u0101kajam albumam \u201e30\u201d. Tas liecina par Adeles tendenci uz\u0146emties ilgus p\u0101rtraukumus starp rado\u0161ajiem projektiem, kas bie\u017ei vien ir saist\u012bti ar vi\u0146as v\u0113lmi nodz\u012bvot pilnv\u0113rt\u012bgu dz\u012bvi \u0101rpus skatuves. Da\u017ei avoti pat spekul\u0113, ka dzied\u0101t\u0101ja var\u0113tu v\u0113l\u0113ties k\u013c\u016bt par skolot\u0101ju, \u0146emot v\u0113r\u0101 vi\u0146as sen\u0101s amb\u012bcijas \u0161aj\u0101 jom\u0101.<\/p>\n<p>N\u0101kotnes pl\u0101ni un fanu gaidas<\/p>\n<p>Lai gan Adele paudusi v\u0113lmi p\u0113c ilgas pauzes, baumas un zi\u0146ojumi liecina, ka vi\u0146a jau str\u0101d\u0101 pie jaunas autobiogr\u0101fijas, kur\u0101 detaliz\u0113s savu karjeru, dz\u012bvi un person\u012bg\u0101s attiec\u012bbas. Tiek baumots ar\u012b par jaunas m\u016bzikas un pasaules m\u0113roga turnejas iesp\u0113jam\u012bbu n\u0101kotn\u0113. Turkl\u0101t tiek spekul\u0113ts par vi\u0146as dal\u012bbu 2026. gada Superkausa \u201eHalftime Show\u201d priek\u0161nesum\u0101.<\/p>\n<p>Adele pati ir atzinusi, ka dod priek\u0161roku dz\u012bvei \u0101rpus uzman\u012bbas loka, ta\u010du vi\u0146as rado\u0161ais gars un fanu m\u012blest\u012bba, iesp\u0113jams, mudin\u0101s vi\u0146u atgriezties agr\u0101k nek\u0101 gaid\u012bts. \u0160obr\u012bd gan viss nor\u0101da uz to, ka dzied\u0101t\u0101ja bauda savu person\u012bgo laiku un dod priek\u0161roku mier\u012bg\u0101kai dz\u012bvei, pirms atkal pilnv\u0113rt\u012bgi piev\u0113rsties savai izcilajai karjerai.<\/p>\n","protected":false},"excerpt":{"rendered":"Adele nosl\u0113pumain\u0101s promb\u016btnes iemesls beidzot atkl\u0101ts Viena no pasaules liel\u0101kaj\u0101m m\u016bzikas zvaigzn\u0113m Adele p\u0113d\u0113jos se\u0161us m\u0113ne\u0161us ir bijusi&hellip;\n","protected":false},"author":2,"featured_media":20362,"comment_status":"","ping_status":"","sticky":false,"template":"","format":"standard","meta":{"footnotes":""},"categories":[19],"tags":[6601,89,90,761,6603,35,39,38,36,37,34,40,103,6602],"class_list":{"0":"post-20361","1":"post","2":"type-post","3":"status-publish","4":"format-standard","5":"has-post-thumbnail","7":"category-izklaide","8":"tag-adele","9":"tag-entertainment","10":"tag-izklaide","11":"tag-karjera","12":"tag-lasvegasas-rezidentura","13":"tag-latvia","14":"tag-latvian","15":"tag-latviesu","16":"tag-latviesu-valoda","17":"tag-latviesuvaloda","18":"tag-latvija","19":"tag-lv","20":"tag-muzika","21":"tag-pauze"},"share_on_mastodon":{"url":"","error":""},"_links":{"self":[{"href":"https:\/\/www.europesays.com\/lv\/wp-json\/wp\/v2\/posts\/20361","targetHints":{"allow":["GET"]}}],"collection":[{"href":"https:\/\/www.europesays.com\/lv\/wp-json\/wp\/v2\/posts"}],"about":[{"href":"https:\/\/www.europesays.com\/lv\/wp-json\/wp\/v2\/types\/post"}],"author":[{"embeddable":true,"href":"https:\/\/www.europesays.com\/lv\/wp-json\/wp\/v2\/users\/2"}],"replies":[{"embeddable":true,"href":"https:\/\/www.europesays.com\/lv\/wp-json\/wp\/v2\/comments?post=20361"}],"version-history":[{"count":0,"href":"https:\/\/www.europesays.com\/lv\/wp-json\/wp\/v2\/posts\/20361\/revisions"}],"wp:featuredmedia":[{"embeddable":true,"href":"https:\/\/www.europesays.com\/lv\/wp-json\/wp\/v2\/media\/20362"}],"wp:attachment":[{"href":"https:\/\/www.europesays.com\/lv\/wp-json\/wp\/v2\/media?parent=20361"}],"wp:term":[{"taxonomy":"category","embeddable":true,"href":"https:\/\/www.europesays.com\/lv\/wp-json\/wp\/v2\/categories?post=20361"},{"taxonomy":"post_tag","embeddable":true,"href":"https:\/\/www.europesays.com\/lv\/wp-json\/wp\/v2\/tags?post=20361"}],"curies":[{"name":"wp","href":"https:\/\/api.w.org\/{rel}","templated":true}]}}