{"id":20373,"date":"2025-10-13T16:58:07","date_gmt":"2025-10-13T16:58:07","guid":{"rendered":"https:\/\/www.europesays.com\/lv\/20373\/"},"modified":"2025-10-13T16:58:07","modified_gmt":"2025-10-13T16:58:07","slug":"iekslietu-dienestu-amatpersonu-izdienas-pensionesanas-vecumu-palielinas-par-pieciem-gadiem-tomer-ir-iznemumi","status":"publish","type":"post","link":"https:\/\/www.europesays.com\/lv\/20373\/","title":{"rendered":"Iek\u0161lietu dienestu amatpersonu izdienas pension\u0113\u0161an\u0101s vecumu palielin\u0101s par pieciem gadiem. Tom\u0113r ir iz\u0146\u0113mumi"},"content":{"rendered":"<p>Amatpersonas ar jau ieg\u016bt\u0101m ties\u012bb\u0101m uz izdienas pensiju l\u012bdz 2027. gada 1. janv\u0101rim izdienas pensiju reforma neskars.<\/p>\n<p>Ar\u012b amatperson\u0101m, kuras l\u012bdz 2027. gada 1. janv\u0101rim b\u016bs uzkr\u0101ju\u0161as vair\u0101k nek\u0101 15 gadu st\u0101\u017eu, izdienas st\u0101\u017es un izdienas pension\u0113\u0161an\u0101s vecums nemain\u012bsies. Tom\u0113r main\u012bsies izdienas pensijas apr\u0113\u0137in\u0101\u0161anas formula, proti, apr\u0113\u0137in\u0101 ne\u0146ems v\u0113r\u0101 p\u0113d\u0113jos divus m\u0113ne\u0161us.<\/p>\n<p>Amatperson\u0101m ar desmit l\u012bdz 15 gadu st\u0101\u017eu, kas uzkr\u0101ts l\u012bdz 2027. gada 1. janv\u0101rim, izdienas st\u0101\u017es un izdienas pension\u0113\u0161an\u0101s vecums tiks pak\u0101peniski palielin\u0101ts par pieciem gadiem &#8211; par se\u0161iem m\u0113ne\u0161iem gad\u0101. T\u0101pat pensijas apr\u0113\u0137in\u0101 ne\u0146ems v\u0113r\u0101 p\u0113d\u0113jos divus darba m\u0113ne\u0161us. Vienlaikus v\u0113l tiek v\u0113rt\u0113ts, kuros amatos saglab\u0101sies pension\u0113\u0161an\u0101s vecums 50 gadi.<\/p>\n<p>Ar\u012b amatperson\u0101m, kuras l\u012bdz 2027. gada 1. janv\u0101rim b\u016bs uzkr\u0101ju\u0161as maz\u0101k nek\u0101 desmit gadu st\u0101\u017eu, izdienas st\u0101\u017es un izdienas pension\u0113\u0161an\u0101s vecums tiks pak\u0101peniski palielin\u0101ts par pieciem gadiem &#8211; par se\u0161iem m\u0113ne\u0161iem gad\u0101.<\/p>\n<p>Ar\u012b \u0161\u012bm amatperson\u0101m main\u012bsies izdienas pensijas apr\u0113\u0137in\u0101\u0161anas formula, proti, apr\u0113\u0137in\u0101 ne\u0146ems v\u0113r\u0101 p\u0113d\u0113jos divus m\u0113ne\u0161us. Izdienas pensija tiks apr\u0113\u0137in\u0101ta, \u0146emot v\u0113r\u0101 darba samaksu 120 m\u0113ne\u0161u period\u0101. Izdienas pensijas minim\u0101lais un maksim\u0101lais apm\u0113rs tiks samazin\u0101ts par 10%, bet par 5%, ja amatpersona atva\u013cin\u0101ta vesel\u012bbas st\u0101vok\u013ca d\u0113\u013c. Ar\u012b \u0161aj\u0101 gad\u012bjum\u0101 patlaban tiek v\u0113rt\u0113ts, kuros amatos saglab\u0101sies pension\u0113\u0161an\u0101s vecums 50 gadi.<\/p>\n","protected":false},"excerpt":{"rendered":"Amatpersonas ar jau ieg\u016bt\u0101m ties\u012bb\u0101m uz izdienas pensiju l\u012bdz 2027. gada 1. janv\u0101rim izdienas pensiju reforma neskars. Ar\u012b&hellip;\n","protected":false},"author":2,"featured_media":20374,"comment_status":"","ping_status":"","sticky":false,"template":"","format":"standard","meta":{"footnotes":""},"categories":[5],"tags":[23,28,29,32,33,22,6604,30,31,35,39,38,36,37,34,40,20,26,27,24,25,1524,21],"class_list":{"0":"post-20373","1":"post","2":"type-post","3":"status-publish","4":"format-standard","5":"has-post-thumbnail","7":"category-aktualitates","8":"tag-aktualitates","9":"tag-breaking-news","10":"tag-breakingnews","11":"tag-featured-news","12":"tag-featurednews","13":"tag-headlines","14":"tag-iekslietu-ministrija","15":"tag-latest-news","16":"tag-latestnews","17":"tag-latvia","18":"tag-latvian","19":"tag-latviesu","20":"tag-latviesu-valoda","21":"tag-latviesuvaloda","22":"tag-latvija","23":"tag-lv","24":"tag-news","25":"tag-popularakas-zinas","26":"tag-popularakaszinas","27":"tag-top-stories","28":"tag-topstories","29":"tag-valdiba","30":"tag-zinas"},"share_on_mastodon":{"url":"","error":""},"_links":{"self":[{"href":"https:\/\/www.europesays.com\/lv\/wp-json\/wp\/v2\/posts\/20373","targetHints":{"allow":["GET"]}}],"collection":[{"href":"https:\/\/www.europesays.com\/lv\/wp-json\/wp\/v2\/posts"}],"about":[{"href":"https:\/\/www.europesays.com\/lv\/wp-json\/wp\/v2\/types\/post"}],"author":[{"embeddable":true,"href":"https:\/\/www.europesays.com\/lv\/wp-json\/wp\/v2\/users\/2"}],"replies":[{"embeddable":true,"href":"https:\/\/www.europesays.com\/lv\/wp-json\/wp\/v2\/comments?post=20373"}],"version-history":[{"count":0,"href":"https:\/\/www.europesays.com\/lv\/wp-json\/wp\/v2\/posts\/20373\/revisions"}],"wp:featuredmedia":[{"embeddable":true,"href":"https:\/\/www.europesays.com\/lv\/wp-json\/wp\/v2\/media\/20374"}],"wp:attachment":[{"href":"https:\/\/www.europesays.com\/lv\/wp-json\/wp\/v2\/media?parent=20373"}],"wp:term":[{"taxonomy":"category","embeddable":true,"href":"https:\/\/www.europesays.com\/lv\/wp-json\/wp\/v2\/categories?post=20373"},{"taxonomy":"post_tag","embeddable":true,"href":"https:\/\/www.europesays.com\/lv\/wp-json\/wp\/v2\/tags?post=20373"}],"curies":[{"name":"wp","href":"https:\/\/api.w.org\/{rel}","templated":true}]}}