{"id":20463,"date":"2025-10-13T19:55:08","date_gmt":"2025-10-13T19:55:08","guid":{"rendered":"https:\/\/www.europesays.com\/lv\/20463\/"},"modified":"2025-10-13T19:55:08","modified_gmt":"2025-10-13T19:55:08","slug":"drizuma-sarkozi-bus-jaizcies-piespriestais-cietumsods","status":"publish","type":"post","link":"https:\/\/www.europesays.com\/lv\/20463\/","title":{"rendered":"dr\u012bzum\u0101 Sarkoz\u012b b\u016bs j\u0101izcie\u0161 piespriestais cietumsods"},"content":{"rendered":"<p>K\u0101 zi\u0146ots, Par\u012bzes tiesa 25. septembr\u012b piesprieda 70 gadus vecajam Sarkoz\u012b piecu gadu cietumsodu, atz\u012bstot vi\u0146u par vain\u012bgu noziedz\u012bg\u0101 sazv\u0113rest\u012bb\u0101 saist\u012bb\u0101 ar nelikum\u012bga priek\u0161v\u0113l\u0113\u0161anu kampa\u0146as finans\u0113juma sa\u0146em\u0161anu no toreiz\u0113j\u0101 L\u012bbijas diktatora Muamara Kadafi.<\/p>\n<p>Vi\u0146\u0161 k\u013cuvis par pirmo biju\u0161o Francijas prezidentu p\u0113c Otr\u0101 pasaules kara un par pirmo Eiropas Savien\u012bbas (ES) dal\u012bbvalsts galvu, kas non\u0101cis aiz rest\u0113m.<\/p>\n<p>Lai g\u0101d\u0101tu par biju\u0161\u0101 prezidenta dro\u0161\u012bbu cietum\u0101, tiks \u012bstenoti \u012bpa\u0161i dro\u0161\u012bbas pas\u0101kumi. Sarkoz\u012b, iesp\u0113jams, tiks ievietots kamer\u0101, kas paredz\u0113ta neaizsarg\u0101tiem ieslodz\u012btajiem, vai ar\u012b vieninieka kamer\u0101.<\/p>\n<p>Pirmdien Sarkoz\u012b ierad\u0101s prokurat\u016br\u0101, kur vi\u0146\u0161 tika inform\u0113ta par laiku un vietu, kur vi\u0146am j\u0101piesak\u0101s piespriest\u0101 soda izcie\u0161anai.<\/p>\n<p>Sarkoz\u012b ir noliedzis savu vainu un spriedumu p\u0101rs\u016bdz\u0113jis jau t\u016bl\u012bt p\u0113c t\u0101 pasludin\u0101\u0161ana, un tuv\u0101ko m\u0113ne\u0161u laik\u0101 sagaid\u0101ma vi\u0146a lietas atk\u0101rtota izskat\u012b\u0161ana.<\/p>\n","protected":false},"excerpt":{"rendered":"K\u0101 zi\u0146ots, Par\u012bzes tiesa 25. septembr\u012b piesprieda 70 gadus vecajam Sarkoz\u012b piecu gadu cietumsodu, atz\u012bstot vi\u0146u par vain\u012bgu&hellip;\n","protected":false},"author":2,"featured_media":20464,"comment_status":"","ping_status":"","sticky":false,"template":"","format":"standard","meta":{"footnotes":""},"categories":[14],"tags":[23,57,63,28,29,32,33,1309,22,30,31,35,39,38,36,37,34,40,20,26,27,1073,24,25,54,55,56,21,58],"class_list":{"0":"post-20463","1":"post","2":"type-post","3":"status-publish","4":"format-standard","5":"has-post-thumbnail","7":"category-zinas-no-arvalstim","8":"tag-aktualitates","9":"tag-arvalstim","10":"tag-arvalstis","11":"tag-breaking-news","12":"tag-breakingnews","13":"tag-featured-news","14":"tag-featurednews","15":"tag-francija","16":"tag-headlines","17":"tag-latest-news","18":"tag-latestnews","19":"tag-latvia","20":"tag-latvian","21":"tag-latviesu","22":"tag-latviesu-valoda","23":"tag-latviesuvaloda","24":"tag-latvija","25":"tag-lv","26":"tag-news","27":"tag-popularakas-zinas","28":"tag-popularakaszinas","29":"tag-prezidents","30":"tag-top-stories","31":"tag-topstories","32":"tag-world","33":"tag-world-news","34":"tag-worldnews","35":"tag-zinas","36":"tag-zinas-no-arvalstim"},"share_on_mastodon":{"url":"","error":""},"_links":{"self":[{"href":"https:\/\/www.europesays.com\/lv\/wp-json\/wp\/v2\/posts\/20463","targetHints":{"allow":["GET"]}}],"collection":[{"href":"https:\/\/www.europesays.com\/lv\/wp-json\/wp\/v2\/posts"}],"about":[{"href":"https:\/\/www.europesays.com\/lv\/wp-json\/wp\/v2\/types\/post"}],"author":[{"embeddable":true,"href":"https:\/\/www.europesays.com\/lv\/wp-json\/wp\/v2\/users\/2"}],"replies":[{"embeddable":true,"href":"https:\/\/www.europesays.com\/lv\/wp-json\/wp\/v2\/comments?post=20463"}],"version-history":[{"count":0,"href":"https:\/\/www.europesays.com\/lv\/wp-json\/wp\/v2\/posts\/20463\/revisions"}],"wp:featuredmedia":[{"embeddable":true,"href":"https:\/\/www.europesays.com\/lv\/wp-json\/wp\/v2\/media\/20464"}],"wp:attachment":[{"href":"https:\/\/www.europesays.com\/lv\/wp-json\/wp\/v2\/media?parent=20463"}],"wp:term":[{"taxonomy":"category","embeddable":true,"href":"https:\/\/www.europesays.com\/lv\/wp-json\/wp\/v2\/categories?post=20463"},{"taxonomy":"post_tag","embeddable":true,"href":"https:\/\/www.europesays.com\/lv\/wp-json\/wp\/v2\/tags?post=20463"}],"curies":[{"name":"wp","href":"https:\/\/api.w.org\/{rel}","templated":true}]}}