{"id":20500,"date":"2025-10-13T21:10:14","date_gmt":"2025-10-13T21:10:14","guid":{"rendered":"https:\/\/www.europesays.com\/lv\/20500\/"},"modified":"2025-10-13T21:10:14","modified_gmt":"2025-10-13T21:10:14","slug":"cilveks-aiz-ex-libris-kas-parverta-rigas-iekspagalmu-par-gramatnicu","status":"publish","type":"post","link":"https:\/\/www.europesays.com\/lv\/20500\/","title":{"rendered":"cilv\u0113ks aiz &#8220;EX LIBRIS&#8221;, kas p\u0101rv\u0113rta R\u012bgas iek\u0161pagalmu par gr\u0101matn\u012bcu"},"content":{"rendered":"<p>Un vai bukletus noraid\u012bj\u0101t?<\/p>\n<p>Pie\u0146emam m\u0113s jau visu, un tad \u0161\u0137irojam. Beig\u0101s m\u0113s izrun\u0101j\u0101m, apskat\u012bj\u0101mies ar p\u0101ris cilv\u0113kiem, un tos sagriez\u0101m un izmet\u0101m \u2014 tas bija m\u016bsu gala l\u0113mums.<\/p>\n<p><img decoding=\"async\" class=\"figure__image\" onclick=\"triggerEvent('articleImageClick', { id: 17208115, focus: 'single-image', focusIndex: '17208115' })\" onkeydown=\"if (event.key === 'Enter') {&#10;        triggerEvent('articleImageClick', { id: 17208115, focus: 'single-image', focusIndex: '17208115' })&#10;        }\" role=\"button\" tabindex=\"0\" data-focus-from=\"single-image\" data-focus-index=\"17208115\" src=\"https:\/\/www.europesays.com\/lv\/wp-content\/uploads\/2025\/10\/17208115t1h2860.jpg\" onload=\"this.parentElement.classList.remove('figure__image-loading')\" alt=\"EX LIBRIS\"\/>EX LIBRIS Foto: Olesja Garjutkina<\/p>\n<p>K\u0101 R\u012bgas kopiena, tavupr\u0101t, var pal\u012bdz\u0113t notur\u0113t \u0161o telpu?<\/p>\n<p>Atn\u0101ciet ciemos un pavadiet laiku! Pasakiet saviem apk\u0101rt\u0113jiem cilv\u0113kiem un izt\u012briet savus gr\u0101matu plauktus. Tas pal\u012bdz\u0113s m\u0101j\u0101s justies mier\u012bg\u0101k \u2014 ar maz\u0101k mant\u0101m, maz\u0101k t\u012br\u012bt \u2014 un j\u016bs var\u0113siet iemain\u012bt pret jaun\u0101m gr\u0101mat\u0101m, atrast kaut ko jaunu, interesantu. Un\u2026 atn\u0101ciet uz k\u0101du pas\u0101kumu! Tas \u013caus atg\u016bties no ikdienas liet\u0101m un doties t\u0101l\u0101k dz\u012bv\u0113 ar svaig\u0101ku skat\u012bjumu.<\/p>\n<p>Iedom\u0101simies, ka es pie jums ieeju un saku: &#8220;Dodiet tr\u012bs zelta ieteikumus.&#8221; Kas b\u016btu t\u0101 viena oblig\u0101ti izlas\u0101m\u0101, t\u0101 viena, kas tr\u0101pa m\u016bsu laikmeta nerv\u0101, un t\u0101 viena, ko pa\u0146emt vieglam, mier\u012bgam vakaram?<\/p>\n<p>Man liekas, nav nevienas gr\u0101matas, kas visiem oblig\u0101ti b\u016btu j\u0101izlasa, \u2014 katrs lai lasa, ko v\u0113las. Bet, ja man t\u0101 jaut\u0101, es ieteiktu v\u0101rdn\u012bcu. T\u0101 pal\u012bdz \u2014 varb\u016bt pat atkl\u0101si, k\u0101 pareizi rakst\u012bt k\u0101dus v\u0101rdi\u0146us.<\/p>\n<p>Gr\u0101mata, kas raksturo 21. gadsimtu? Hmmm\u2026 tas ir \u013coti, \u013coti pamat\u012bgs uzdevums vienai gr\u0101matai (smejas). Es teiktu t\u0101: izlasiet kaut ko no St\u012bvena Hokinga! Piem\u0113ram, &#8220;A Brief History of Time&#8221; \u2014 laikam vi\u0146a popul\u0101r\u0101k\u0101. Man \u0161\u0137iet, ka lab\u0101k\u0101s aktualit\u0101tes ir zin\u0101tniskas \u2014 t\u0101s ir diezgan timeless visos gadsimtos. Soci\u0101li-kultur\u0101li? Hmmm. Marks Fi\u0161ers, &#8220;Capitalist Realism: Is There No Alternative?&#8221; \u2014 j\u0101, tas, man liekas, ir pats aktu\u0101l\u0101kais. Un kaut kas labs, dz\u012bvespriec\u012bgs\u2026 Ieteiktu izlas\u012bt Muminus &#8220;Kom\u0113ta n\u0101k&#8221;. Tas ir kultur\u0101li tapis tepat kaimi\u0146os \u2014 Somij\u0101; T\u016bve Jansone ir fenomen\u0101la m\u0101ksliniece, un \u0161\u012b gr\u0101mata tie\u0161\u0101m \u013cauj lab\u0101k gul\u0113t nakt\u012bs.<\/p>\n","protected":false},"excerpt":{"rendered":"Un vai bukletus noraid\u012bj\u0101t? Pie\u0146emam m\u0113s jau visu, un tad \u0161\u0137irojam. Beig\u0101s m\u0113s izrun\u0101j\u0101m, apskat\u012bj\u0101mies ar p\u0101ris cilv\u0113kiem,&hellip;\n","protected":false},"author":2,"featured_media":20501,"comment_status":"","ping_status":"","sticky":false,"template":"","format":"standard","meta":{"footnotes":""},"categories":[19],"tags":[89,6634,6635,90,35,39,38,36,37,34,40,164],"class_list":{"0":"post-20500","1":"post","2":"type-post","3":"status-publish","4":"format-standard","5":"has-post-thumbnail","7":"category-izklaide","8":"tag-entertainment","9":"tag-ex-libris","10":"tag-gramatnica","11":"tag-izklaide","12":"tag-latvia","13":"tag-latvian","14":"tag-latviesu","15":"tag-latviesu-valoda","16":"tag-latviesuvaloda","17":"tag-latvija","18":"tag-lv","19":"tag-tvnet-latvija"},"share_on_mastodon":{"url":"","error":""},"_links":{"self":[{"href":"https:\/\/www.europesays.com\/lv\/wp-json\/wp\/v2\/posts\/20500","targetHints":{"allow":["GET"]}}],"collection":[{"href":"https:\/\/www.europesays.com\/lv\/wp-json\/wp\/v2\/posts"}],"about":[{"href":"https:\/\/www.europesays.com\/lv\/wp-json\/wp\/v2\/types\/post"}],"author":[{"embeddable":true,"href":"https:\/\/www.europesays.com\/lv\/wp-json\/wp\/v2\/users\/2"}],"replies":[{"embeddable":true,"href":"https:\/\/www.europesays.com\/lv\/wp-json\/wp\/v2\/comments?post=20500"}],"version-history":[{"count":0,"href":"https:\/\/www.europesays.com\/lv\/wp-json\/wp\/v2\/posts\/20500\/revisions"}],"wp:featuredmedia":[{"embeddable":true,"href":"https:\/\/www.europesays.com\/lv\/wp-json\/wp\/v2\/media\/20501"}],"wp:attachment":[{"href":"https:\/\/www.europesays.com\/lv\/wp-json\/wp\/v2\/media?parent=20500"}],"wp:term":[{"taxonomy":"category","embeddable":true,"href":"https:\/\/www.europesays.com\/lv\/wp-json\/wp\/v2\/categories?post=20500"},{"taxonomy":"post_tag","embeddable":true,"href":"https:\/\/www.europesays.com\/lv\/wp-json\/wp\/v2\/tags?post=20500"}],"curies":[{"name":"wp","href":"https:\/\/api.w.org\/{rel}","templated":true}]}}