{"id":205476,"date":"2026-05-19T07:30:12","date_gmt":"2026-05-19T07:30:12","guid":{"rendered":"https:\/\/www.europesays.com\/lv\/205476\/"},"modified":"2026-05-19T07:30:12","modified_gmt":"2026-05-19T07:30:12","slug":"pec-sabiedribas-sasutuma-par-zurijas-darbu-eirovizijas-finala-no-amata-atkapies-moldovas-raidsabiedribas-vaditajs","status":"publish","type":"post","link":"https:\/\/www.europesays.com\/lv\/205476\/","title":{"rendered":"P\u0113c sabiedr\u012bbas sa\u0161utuma par \u017e\u016brijas darbu Eirov\u012bzijas fin\u0101l\u0101 no amata atk\u0101pies Moldovas raidsabiedr\u012bbas vad\u012bt\u0101js"},"content":{"rendered":"<p>Vair\u0101ki simti fanu soci\u0101lajos t\u012bklos nosod\u012bju\u0161i Moldovas \u017e\u016brijas balsojumu konkursa fin\u0101l\u0101 sestdien, kur t\u0101 kaimi\u0146valstij Rum\u0101nijai, ar kuru Moldovai ir tuvas attiec\u012bbas, pie\u0161\u0137\u012bra tikai tr\u012bs punktus.<\/p>\n<p>Moldovas \u017e\u016brija, kuras sast\u0101vu izv\u0113l\u0113j\u0101s &#8220;Teleradio-Moldova&#8221;, maksim\u0101los 12 punktus pie\u0161\u0137\u012bra Polijas p\u0101rst\u0101vei, kura ieguva 12. vietu. Ar desmit punktiem \u017e\u016brija apbalvoja Izra\u0113lu, kas konkurs\u0101 ieguva otro vietu. Par konkursa uzvar\u0113t\u0101ju tika pasludin\u0101ta Bulg\u0101rija.<\/p>\n<p>Raidsabiedr\u012bbas vad\u012bt\u0101js Vlads Turkanu preses konferenc\u0113 pirmdien pazi\u0146oja, ka atk\u0101p\u0161an\u0101s no amata ir vi\u0146a pa\u0161a l\u0113mums. &#8220;M\u0113s nepiedal\u012bj\u0101mies \u017e\u016brijas balsojum\u0101, tom\u0113r t\u0101 joproj\u0101m ir m\u016bsu atbild\u012bba, pirmk\u0101rt, mana atbild\u012bba k\u0101 \u0161\u012bs iest\u0101des vad\u012bt\u0101jam.&#8221;<\/p>\n<p>Konkursa skat\u012bt\u0101ji, kuru balsis tiek \u0146emtas v\u0113r\u0101 konkursa fin\u0101la rezult\u0101tos, augst\u0101ko punktu skaitu pie\u0161\u0137\u012bra Rum\u0101nijai un t\u0101s p\u0101rst\u0101vei Aleksandrai Kapitanesku. &#8220;Svar\u012bgas ir tikai sabiedr\u012bbas balsis,&#8221; soci\u0101lajos t\u012bklos rakst\u012bja biju\u0161ais aizsardz\u012bbas ministrs Anatols Salaru.<\/p>\n<p>Skat\u012bt\u0101ji izteica sa\u0161utumu ar\u012b par to, ka \u017e\u016brija konkurs\u0101 nepie\u0161\u0137\u012bra nevienu punktu Ukrainai.<\/p>\n<p>Moldovas p\u0101rst\u0101vis Satoshi, kur\u0161 fin\u0101l\u0101 ieguva astoto vietu, teica, ka lielais skat\u012bt\u0101ju atbalsts Rum\u0101nijai &#8220;atspogu\u013co m\u016bsu sabiedr\u012bbas patieso viedokli&#8221;.<\/p>\n<p>70. Eirov\u012bzijas dziesmu konkursa fin\u0101ls notika 16. maij\u0101 V\u012bn\u0113, Austrij\u0101. Fin\u0101l\u0101 tika p\u0101rst\u0101v\u0113ta Lietuva, D\u0101nija, V\u0101cija, Izra\u0113la, Be\u013c\u0123ija, Alb\u0101nija, Grie\u0137ija, Ukraina, Austr\u0101lija, Serbija, Malta, \u010cehija, Bulg\u0101rija, Horv\u0101tija, Lielbrit\u0101nija, Francija, <a href=\"https:\/\/www.apollo.lv\/term\/14731\/moldova\" class=\"topicLink\" target=\"_blank\" rel=\"nofollow noopener\">Moldova<\/a>, Somija, Polija, Zviedrija, Kipra, It\u0101lija, Norv\u0113\u0123ija, <a href=\"https:\/\/www.apollo.lv\/term\/555462\/rumanija\" class=\"topicLink\" target=\"_blank\" rel=\"nofollow noopener\">Rum\u0101nija<\/a> un Austrija. Latvijas p\u0101rst\u0101ve, dzied\u0101t\u0101ja Atvara, fin\u0101l\u0101 neiek\u013cuva.<\/p>\n","protected":false},"excerpt":{"rendered":"Vair\u0101ki simti fanu soci\u0101lajos t\u012bklos nosod\u012bju\u0161i Moldovas \u017e\u016brijas balsojumu konkursa fin\u0101l\u0101 sestdien, kur t\u0101 kaimi\u0146valstij Rum\u0101nijai, ar kuru&hellip;\n","protected":false},"author":2,"featured_media":205477,"comment_status":"","ping_status":"","sticky":false,"template":"","format":"standard","meta":{"footnotes":"","_share_on_mastodon":"0"},"categories":[5],"tags":[23,28,29,492,32,33,22,30,31,35,39,38,36,37,34,40,1453,20,26,27,7436,24,25,21],"class_list":["post-205476","post","type-post","status-publish","format-standard","has-post-thumbnail","category-aktualitates","tag-aktualitates","tag-breaking-news","tag-breakingnews","tag-eirovizija","tag-featured-news","tag-featurednews","tag-headlines","tag-latest-news","tag-latestnews","tag-latvia","tag-latvian","tag-latviesu","tag-latviesu-valoda","tag-latviesuvaloda","tag-latvija","tag-lv","tag-moldova","tag-news","tag-popularakas-zinas","tag-popularakaszinas","tag-rumanija","tag-top-stories","tag-topstories","tag-zinas"],"share_on_mastodon":{"url":"https:\/\/pubeurope.com\/@lv\/116600073473108246","error":""},"_links":{"self":[{"href":"https:\/\/www.europesays.com\/lv\/wp-json\/wp\/v2\/posts\/205476","targetHints":{"allow":["GET"]}}],"collection":[{"href":"https:\/\/www.europesays.com\/lv\/wp-json\/wp\/v2\/posts"}],"about":[{"href":"https:\/\/www.europesays.com\/lv\/wp-json\/wp\/v2\/types\/post"}],"author":[{"embeddable":true,"href":"https:\/\/www.europesays.com\/lv\/wp-json\/wp\/v2\/users\/2"}],"replies":[{"embeddable":true,"href":"https:\/\/www.europesays.com\/lv\/wp-json\/wp\/v2\/comments?post=205476"}],"version-history":[{"count":0,"href":"https:\/\/www.europesays.com\/lv\/wp-json\/wp\/v2\/posts\/205476\/revisions"}],"wp:featuredmedia":[{"embeddable":true,"href":"https:\/\/www.europesays.com\/lv\/wp-json\/wp\/v2\/media\/205477"}],"wp:attachment":[{"href":"https:\/\/www.europesays.com\/lv\/wp-json\/wp\/v2\/media?parent=205476"}],"wp:term":[{"taxonomy":"category","embeddable":true,"href":"https:\/\/www.europesays.com\/lv\/wp-json\/wp\/v2\/categories?post=205476"},{"taxonomy":"post_tag","embeddable":true,"href":"https:\/\/www.europesays.com\/lv\/wp-json\/wp\/v2\/tags?post=205476"}],"curies":[{"name":"wp","href":"https:\/\/api.w.org\/{rel}","templated":true}]}}