{"id":205508,"date":"2026-05-19T08:06:07","date_gmt":"2026-05-19T08:06:07","guid":{"rendered":"https:\/\/www.europesays.com\/lv\/205508\/"},"modified":"2026-05-19T08:06:07","modified_gmt":"2026-05-19T08:06:07","slug":"daugavpili-spriez-ka-nodrosinasanat-macibas-gaisa-telpas-apdraudejuma-gadijuma","status":"publish","type":"post","link":"https:\/\/www.europesays.com\/lv\/205508\/","title":{"rendered":"Daugavpil\u012b sprie\u017e, k\u0101 nodro\u0161in\u0101\u0161an\u0101t m\u0101c\u012bbas gaisa telpas apdraud\u0113juma gad\u012bjum\u0101"},"content":{"rendered":"<p>Savuk\u0101rt pa\u0161vald\u012bbas izpilddirektora vietnieks K\u0101rlis Rasis inform\u0113ja, ka pag\u0101ju\u0161aj\u0101 ned\u0113\u013c\u0101 ir apstiprin\u0101ts civil\u0101s aizsardz\u012bbas pl\u0101ns jaun\u0101 redakcij\u0101, kur\u0101 atbilsto\u0161i aktu\u0101lajai situ\u0101cijai atk\u0101rtoti izskat\u012btas un uzlabotas r\u012bc\u012bbas un apdraud\u0113jumi.<\/p>\n<p>&#8220;Ja m\u0113s run\u0101jam par drona incidentu, tad vado\u0161\u0101 loma \u0161aj\u0101 situ\u0101cij\u0101 ir Nacion\u0101lajiem bru\u0146otajiem sp\u0113kiem (NBS). Tas, ko dar\u012bs pa\u0161vald\u012bba, ir atbalsta pas\u0101kumi \u2013 inform\u0113\u0161ana, seku likvid\u0113\u0161ana,&#8221; skaidroja Rasis.<\/p>\n<p>Vi\u0146\u0161 uzsv\u0113ra, ka ar\u012b gaisa telpas apdraud\u0113juma gad\u012bjum\u0101 pa\u0161vald\u012bbas galvenais uzdevums ir nodro\u0161in\u0101t t\u0101s darb\u012bbu, tostarp izgl\u012bt\u012bbu, soci\u0101los pakalpojumus. Pl\u0101nots, ka valst\u012b tiks izstr\u0101d\u0101tas kop\u012bgas vadl\u012bnijas par pa\u0161vald\u012bbu r\u012bc\u012bbu \u0161\u0101dos gad\u012bjumos, un \u0161oned\u0113\u013c ir paredz\u0113ta ar\u012b tik\u0161an\u0101s ar Kr\u012bzes vad\u012bbas centru, lai \u0161os jaut\u0101jumus p\u0101rrun\u0101tu.<\/p>\n<p>Vienlaikus izpilddirektora vietnieks atg\u0101din\u0101ja, ka iedz\u012bvot\u0101jiem apdraud\u0113juma gad\u012bjum\u0101 j\u0101r\u012bkojas atbilsto\u0161i \u0161\u016bnapraides zi\u0146ojuma nor\u0101d\u012bjumiem.<\/p>\n<p>Pa\u0161vald\u012bba izstr\u0101d\u0101 vadl\u012bnijas attiec\u012bb\u0101 uz m\u0101c\u012bbu procesa nodro\u0161in\u0101\u0161anu, ta\u010du gala l\u0113mumu tik un t\u0101 katr\u0101 situ\u0101cij\u0101 pie\u0146ems civil\u0101s aizsardz\u012bbas komisija, \u0146emot v\u0113r\u0101 aktu\u0101lo inform\u0101ciju no NBS, uzsv\u0113ra Rasis. Pl\u0101nots, ka ar\u012b apdraud\u0113juma gad\u012bjum\u0101 izgl\u012bt\u012bbas iest\u0101d\u0113s k\u0101ds de\u017eur\u0113s, lai nepiecie\u0161am\u012bbas gad\u012bjum\u0101 uz\u0146emtu audz\u0113k\u0146us.<\/p>\n<p class=\"ad-desc ad-desc-main\">Saturs turpin\u0101s p\u0113c rekl\u0101mas<\/p>\n<p class=\"ad-desc ad-desc-sec\">Rekl\u0101ma<\/p>\n<p>Jau zi\u0146ots, ka p\u0113c k\u0101rt\u0113j\u0101 \u0161\u016bnu apraides pazi\u0146ojuma par iesp\u0113jamu gaisa telpas apdraud\u0113jumu Balvu novad\u0101 apstiprin\u0101ts r\u012bc\u012bbas algoritms pa\u0161vald\u012bbas iest\u0101d\u0113m.<\/p>\n<p>Vietvar\u0101 skaidro, ka pazi\u0146ojumu m\u0101jaslap\u0101 un soci\u0101lajos medijos nebija, jo taj\u0101 br\u012bd\u012b nek\u0101das izmai\u0146as netika pl\u0101notas. Piektdienas pusdienlaik\u0101 pa\u0161vald\u012bba publiskojusi r\u012bc\u012bbas algoritu \u0161\u0101diem gad\u012bjumiem, skaidrojot, ka tas noteikts, rea\u0123\u0113jot uz pag\u0101ju\u0161aj\u0101 ned\u0113\u013c\u0101 Latgal\u0113 konstat\u0113tajiem dronu incidentiem.<\/p>\n<p class=\"tv3-fw-500\">Zi\u0146o par k\u013c\u016bdu rakst\u0101<\/p>\n<p class=\"d-md-block d-none\">Iez\u012bm\u0113 k\u013c\u016bdaino tekstu un spied Ctrl+Enter.<\/p>\n<p class=\"d-md-none d-block\">Iez\u012bm\u0113 k\u013c\u016bdaino tekstu un zi\u0146o par to!<\/p>\n","protected":false},"excerpt":{"rendered":"Savuk\u0101rt pa\u0161vald\u012bbas izpilddirektora vietnieks K\u0101rlis Rasis inform\u0113ja, ka pag\u0101ju\u0161aj\u0101 ned\u0113\u013c\u0101 ir apstiprin\u0101ts civil\u0101s aizsardz\u012bbas pl\u0101ns jaun\u0101 redakcij\u0101, kur\u0101&hellip;\n","protected":false},"author":2,"featured_media":205509,"comment_status":"","ping_status":"","sticky":false,"template":"","format":"standard","meta":{"footnotes":"","_share_on_mastodon":"0"},"categories":[5],"tags":[23,28,29,37084,32,33,22,30,31,35,39,38,36,37,34,40,20,26,27,24,25,21],"class_list":["post-205508","post","type-post","status-publish","format-standard","has-post-thumbnail","category-aktualitates","tag-aktualitates","tag-breaking-news","tag-breakingnews","tag-daugavpilsdronimacibas","tag-featured-news","tag-featurednews","tag-headlines","tag-latest-news","tag-latestnews","tag-latvia","tag-latvian","tag-latviesu","tag-latviesu-valoda","tag-latviesuvaloda","tag-latvija","tag-lv","tag-news","tag-popularakas-zinas","tag-popularakaszinas","tag-top-stories","tag-topstories","tag-zinas"],"share_on_mastodon":{"url":"https:\/\/pubeurope.com\/@lv\/116600215251725258","error":""},"_links":{"self":[{"href":"https:\/\/www.europesays.com\/lv\/wp-json\/wp\/v2\/posts\/205508","targetHints":{"allow":["GET"]}}],"collection":[{"href":"https:\/\/www.europesays.com\/lv\/wp-json\/wp\/v2\/posts"}],"about":[{"href":"https:\/\/www.europesays.com\/lv\/wp-json\/wp\/v2\/types\/post"}],"author":[{"embeddable":true,"href":"https:\/\/www.europesays.com\/lv\/wp-json\/wp\/v2\/users\/2"}],"replies":[{"embeddable":true,"href":"https:\/\/www.europesays.com\/lv\/wp-json\/wp\/v2\/comments?post=205508"}],"version-history":[{"count":0,"href":"https:\/\/www.europesays.com\/lv\/wp-json\/wp\/v2\/posts\/205508\/revisions"}],"wp:featuredmedia":[{"embeddable":true,"href":"https:\/\/www.europesays.com\/lv\/wp-json\/wp\/v2\/media\/205509"}],"wp:attachment":[{"href":"https:\/\/www.europesays.com\/lv\/wp-json\/wp\/v2\/media?parent=205508"}],"wp:term":[{"taxonomy":"category","embeddable":true,"href":"https:\/\/www.europesays.com\/lv\/wp-json\/wp\/v2\/categories?post=205508"},{"taxonomy":"post_tag","embeddable":true,"href":"https:\/\/www.europesays.com\/lv\/wp-json\/wp\/v2\/tags?post=205508"}],"curies":[{"name":"wp","href":"https:\/\/api.w.org\/{rel}","templated":true}]}}