{"id":205701,"date":"2026-05-19T11:38:08","date_gmt":"2026-05-19T11:38:08","guid":{"rendered":"https:\/\/www.europesays.com\/lv\/205701\/"},"modified":"2026-05-19T11:38:08","modified_gmt":"2026-05-19T11:38:08","slug":"daugavpils-pasvaldiba-izstrada-algoritmu-macibu-nodrosinasanai-gaisa-telpas-apdraudejuma-gadijuma","status":"publish","type":"post","link":"https:\/\/www.europesays.com\/lv\/205701\/","title":{"rendered":"Daugavpils pa\u0161vald\u012bb\u0101 izstr\u0101d\u0101 algoritmu m\u0101c\u012bbu nodro\u0161in\u0101\u0161anai gaisa telpas apdraud\u0113juma gad\u012bjum\u0101"},"content":{"rendered":"<p>Vicem\u0113rs Igors Prelatovs (&#8220;Sarauj, Latgale!&#8221;), koment\u0113jot Latgal\u0113 piedz\u012bvoto dronu ielido\u0161anu, sac\u012bja, ka p\u0113c incidenta R\u0113zekn\u0113, kad bezpilota lidapar\u0101ti ietrieku\u0161ies naftas b\u0101z\u0113, sasaukta <a href=\"https:\/\/www.apollo.lv\/term\/14326\/daugavpils\" class=\"topicLink\" target=\"_blank\" rel=\"nofollow noopener\">Daugavpils<\/a> un Aug\u0161daugavas novada civil\u0101s aizsardz\u012bbas komisija, kur \u0161ie jaut\u0101jumi p\u0101rrun\u0101ti. &#8220;Pa\u0161laik m\u0113s str\u0101d\u0101jam, lai uzlabotu komunik\u0101ciju un r\u012bc\u012bbu no dienestiem, kam j\u0101atbild par \u0161\u0101da veida situ\u0101cij\u0101m,&#8221; piebilda domes priek\u0161s\u0113d\u0113t\u0101ja vietnieks.<\/p>\n<p>Savuk\u0101rt pa\u0161vald\u012bbas izpilddirektora vietnieks K\u0101rlis Rasis inform\u0113ja, ka pag\u0101ju\u0161aj\u0101 ned\u0113\u013c\u0101 ir apstiprin\u0101ts civil\u0101s aizsardz\u012bbas pl\u0101ns jaun\u0101 redakcij\u0101, kur\u0101 atbilsto\u0161i aktu\u0101lajai situ\u0101cijai atk\u0101rtoti izskat\u012btas un uzlabotas r\u012bc\u012bbas un apdraud\u0113jumi.<\/p>\n<p>&#8220;Ja m\u0113s run\u0101jam par drona incidentu, tad vado\u0161\u0101 loma \u0161aj\u0101 situ\u0101cij\u0101 ir Nacion\u0101lajiem bru\u0146otajiem sp\u0113kiem (NBS). Tas, ko dar\u012bs pa\u0161vald\u012bba, ir atbalsta pas\u0101kumi &#8211; inform\u0113\u0161ana, seku likvid\u0113\u0161ana,&#8221; skaidroja Rasis.<\/p>\n<p>Vi\u0146\u0161 uzsv\u0113ra, ka ar\u012b gaisa telpas apdraud\u0113juma gad\u012bjum\u0101 pa\u0161vald\u012bbas galvenais uzdevums ir nodro\u0161in\u0101t t\u0101s darb\u012bbu, tostarp izgl\u012bt\u012bbu, soci\u0101los pakalpojumus. Pl\u0101nots, ka valst\u012b tiks izstr\u0101d\u0101tas kop\u012bgas vadl\u012bnijas par pa\u0161vald\u012bbu r\u012bc\u012bbu \u0161\u0101dos gad\u012bjumos, un \u0161oned\u0113\u013c ir paredz\u0113ta ar\u012b tik\u0161an\u0101s ar Kr\u012bzes vad\u012bbas centru, lai \u0161os jaut\u0101jumus p\u0101rrun\u0101tu.<\/p>\n","protected":false},"excerpt":{"rendered":"Vicem\u0113rs Igors Prelatovs (&#8220;Sarauj, Latgale!&#8221;), koment\u0113jot Latgal\u0113 piedz\u012bvoto dronu ielido\u0161anu, sac\u012bja, ka p\u0113c incidenta R\u0113zekn\u0113, kad bezpilota lidapar\u0101ti&hellip;\n","protected":false},"author":2,"featured_media":205702,"comment_status":"","ping_status":"","sticky":false,"template":"","format":"standard","meta":{"footnotes":"","_share_on_mastodon":"0"},"categories":[5],"tags":[23,28,29,168,32,33,22,30,31,35,39,38,36,37,34,40,1926,20,26,27,49,24,25,21],"class_list":["post-205701","post","type-post","status-publish","format-standard","has-post-thumbnail","category-aktualitates","tag-aktualitates","tag-breaking-news","tag-breakingnews","tag-daugavpils","tag-featured-news","tag-featurednews","tag-headlines","tag-latest-news","tag-latestnews","tag-latvia","tag-latvian","tag-latviesu","tag-latviesu-valoda","tag-latviesuvaloda","tag-latvija","tag-lv","tag-macibas","tag-news","tag-popularakas-zinas","tag-popularakaszinas","tag-skola","tag-top-stories","tag-topstories","tag-zinas"],"share_on_mastodon":{"url":"https:\/\/pubeurope.com\/@lv\/116601048453260488","error":""},"_links":{"self":[{"href":"https:\/\/www.europesays.com\/lv\/wp-json\/wp\/v2\/posts\/205701","targetHints":{"allow":["GET"]}}],"collection":[{"href":"https:\/\/www.europesays.com\/lv\/wp-json\/wp\/v2\/posts"}],"about":[{"href":"https:\/\/www.europesays.com\/lv\/wp-json\/wp\/v2\/types\/post"}],"author":[{"embeddable":true,"href":"https:\/\/www.europesays.com\/lv\/wp-json\/wp\/v2\/users\/2"}],"replies":[{"embeddable":true,"href":"https:\/\/www.europesays.com\/lv\/wp-json\/wp\/v2\/comments?post=205701"}],"version-history":[{"count":0,"href":"https:\/\/www.europesays.com\/lv\/wp-json\/wp\/v2\/posts\/205701\/revisions"}],"wp:featuredmedia":[{"embeddable":true,"href":"https:\/\/www.europesays.com\/lv\/wp-json\/wp\/v2\/media\/205702"}],"wp:attachment":[{"href":"https:\/\/www.europesays.com\/lv\/wp-json\/wp\/v2\/media?parent=205701"}],"wp:term":[{"taxonomy":"category","embeddable":true,"href":"https:\/\/www.europesays.com\/lv\/wp-json\/wp\/v2\/categories?post=205701"},{"taxonomy":"post_tag","embeddable":true,"href":"https:\/\/www.europesays.com\/lv\/wp-json\/wp\/v2\/tags?post=205701"}],"curies":[{"name":"wp","href":"https:\/\/api.w.org\/{rel}","templated":true}]}}