{"id":20576,"date":"2025-10-14T03:30:09","date_gmt":"2025-10-14T03:30:09","guid":{"rendered":"https:\/\/www.europesays.com\/lv\/20576\/"},"modified":"2025-10-14T03:30:09","modified_gmt":"2025-10-14T03:30:09","slug":"silina-izvairas-par-koalicijas-nakotni-pec-budzeta-vai-valdiba-spes-notureties-lente-lv","status":"publish","type":"post","link":"https:\/\/www.europesays.com\/lv\/20576\/","title":{"rendered":"Sili\u0146a izvair\u0101s par koal\u012bcijas n\u0101kotni p\u0113c bud\u017eeta: vai vald\u012bba sp\u0113s notur\u0113ties?\u00a0\u2014\u00a0Lente.lv"},"content":{"rendered":"<p>Koal\u012bcijas n\u0101kotnes migla: Sili\u0146a izvair\u0101s no skaidr\u012bbas p\u0113c bud\u017eeta<\/p>\n<p>Premjerministre Evika Sili\u0146a (JV) aizvien bie\u017e\u0101k pau\u017e izvair\u012bgu nost\u0101ju, kad tiek vaic\u0101ts par valdo\u0161\u0101s koal\u012bcijas turpm\u0101ko past\u0101v\u0113\u0161anu p\u0113c valsts bud\u017eeta pie\u0146em\u0161anas. Lai gan pa\u0161laik sadarb\u012bba starp &#8220;Jauno vienot\u012bbu&#8221; (JV), Za\u013co un zemnieku savien\u012bbu (ZZS) un &#8220;Progres\u012bvajiem&#8221; tiek rakturota k\u0101 gatava darbam, politisk\u0101s telpas anal\u012bti\u0137i saskata potenci\u0101lus sasp\u012bl\u0113jumus un nezi\u0146u par koal\u012bcijas stabilit\u0101ti ilgtermi\u0146\u0101.<\/p>\n<p>Bud\u017eeta izstr\u0101des aizkulises un iesp\u0113jamie izaicin\u0101jumi<\/p>\n<p>Valsts bud\u017eeta sagatavo\u0161ana ir alla\u017e bijis viens no sare\u017e\u0123\u012bt\u0101kajiem un politiski j\u016bt\u012bg\u0101kajiem procesiem vald\u012bbas darb\u012bb\u0101. \u0160ogad nav iz\u0146\u0113mums. Gan koal\u012bcijas partneri, gan opoz\u012bcija uzman\u012bgi seko l\u012bdzi katrai deta\u013cai, jo \u012bpa\u0161i attiec\u012bb\u0101 uz soci\u0101lajiem jaut\u0101jumiem, vesel\u012bbas apr\u016bpi un aizsardz\u012bbas finans\u0113jumu. Tie\u0161i \u0161ajos sektoros bie\u017ei vien rodas visliel\u0101k\u0101s domstarp\u012bbas, kas var izrais\u012bt nopietnus koal\u012bcijas kr\u012bzes.<\/p>\n<p>K\u0101 nor\u0101da politikas v\u0113rot\u0101ji, Sili\u0146as vald\u012bbas sp\u0113ja pan\u0101kt vieno\u0161anos par vis\u0101m bud\u017eeta nians\u0113m b\u016bs galvenais r\u0101d\u012bt\u0101js t\u0101s sp\u0113jai p\u0101rvar\u0113t ar\u012b turpm\u0101kos izaicin\u0101jumus. Ja diskusijas par bud\u017eetu izr\u0101d\u012bsies \u012bpa\u0161i saspringtas un pras\u012bs kompromisus, kas neapmierin\u0101s visus partnerus, tas var rad\u012bt plaisas, kuras b\u016bs gr\u016bti aizl\u0101p\u012bt.<\/p>\n<p>Sili\u0146as strat\u0113\u0123ija: izvair\u012b\u0161an\u0101s k\u0101 taktika?<\/p>\n<p>Premjerministres Sili\u0146as attur\u012bg\u0101 atbilde uz jaut\u0101jumiem par koal\u012bcijas n\u0101kotni p\u0113c bud\u017eeta pie\u0146em\u0161anas ir izrais\u012bjusi da\u017e\u0101das interpret\u0101cijas. Da\u017ei politikas koment\u0113t\u0101ji to uztver k\u0101 strat\u0113\u0123isku g\u0101jienu, lai izvair\u012btos no priek\u0161laic\u012bgas diskusiju uzkurin\u0101\u0161anas un \u013cautu partneriem koncentr\u0113ties uz bud\u017eeta priorit\u0101ro jaut\u0101jumu risin\u0101\u0161anu. Cita interpret\u0101cija gan liecina par re\u0101lu nezi\u0146u un ba\u017e\u0101m par iesp\u0113jamajiem konfliktiem.<\/p>\n<p>&#8220;\u0160obr\u012bd svar\u012bg\u0101kais ir pan\u0101kt vieno\u0161anos par bud\u017eetu, kas nodro\u0161in\u0101s valsts stabilit\u0101ti un att\u012bst\u012bbu,&#8221; Sili\u0146a ir teikusi nesen\u0101s intervij\u0101s, tom\u0113r konkr\u0113tas atbildes par koal\u012bcijas n\u0101kotni ir izvair\u012bgas. \u0160\u0101da pieeja, lai ar\u012b var\u0113tu \u0161\u0137ist piesardz\u012bga, politikas anal\u012bti\u0137u ieskat\u0101 var rad\u012bt papildu spriedzi, jo \u012bpa\u0161i sabiedr\u012bb\u0101, kas sagaida skaidr\u012bbu par vald\u012bbas stabilit\u0101ti.<\/p>\n<p>Koal\u012bcijas partneru noska\u0146ojums un iesp\u0113jam\u0101s alternat\u012bvas<\/p>\n<p>Neskatoties uz premjeres izvair\u012bgo nost\u0101ju, koal\u012bcijas partneri, \u0161\u0137iet, ir ap\u0146\u0113m\u012bbas pilni turpin\u0101t darbu. Tom\u0113r aizkulis\u0113s kl\u012bst runas par da\u017e\u0101diem scen\u0101rijiem, kas var\u0113tu notikt, ja bud\u017eeta pie\u0146em\u0161ana izrais\u012btu nopietnas domstarp\u012bbas. &#8220;Progres\u012bvo&#8221; un ZZS p\u0101rst\u0101vji publiski pau\u017e gatav\u012bbu sadarb\u012bbai, bet neizsl\u0113dz iesp\u0113ju, ka p\u0113c bud\u017eeta b\u016bs nepiecie\u0161amas jaunas sarunas par darba sadal\u012bjumu un priorit\u0101t\u0113m.<\/p>\n<p>Past\u0101v uzskats, ka \u0161obr\u012bd\u0113j\u0101 koal\u012bcija ir veidota uz kompromisu pamata, un bud\u017eeta pie\u0146em\u0161ana var\u0113tu atkl\u0101t, cik sp\u0113c\u012bgi ir \u0161ie pamati. Ja k\u0101dam no partneriem \u0161\u0137it\u012bs, ka vi\u0146a intereses nav pietiekami aizst\u0101v\u0113tas, tas var\u0113tu rad\u012bt pamatu diskusij\u0101m par koal\u012bcijas pamatu mai\u0146u vai pat p\u0101rb\u016bvi. Tom\u0113r j\u0101atz\u012bm\u0113, ka \u0161obr\u012bd visi partneri publiski cen\u0161as rad\u012bt iespaidu par vienot\u012bbu un darba sparu.<\/p>\n<p>N\u0101kotnes prognozes: stabilit\u0101te vai p\u0101rmai\u0146as?<\/p>\n<p>Laiks r\u0101d\u012bs, vai Evikas Sili\u0146as vald\u012bba sp\u0113s veiksm\u012bgi p\u0101rvar\u0113t bud\u017eeta pie\u0146em\u0161anas izaicin\u0101jumu un nodro\u0161in\u0101t stabilit\u0101ti l\u012bdz n\u0101kamaj\u0101m v\u0113l\u0113\u0161an\u0101m. Pa\u0161laik politisk\u0101 aina ir nep\u0101rredzama, un jebkuras prognozes ir spekulat\u012bvas. Tom\u0113r viena lieta ir skaidra \u2013 valsts bud\u017eeta liktenis cie\u0161i sav\u012bsies ar koal\u012bcijas n\u0101kotnes scen\u0101rijiem.<\/p>\n<p>Sabiedr\u012bbai ir svar\u012bgi sekot l\u012bdzi notikumu att\u012bst\u012bbai un pras\u012bt no politi\u0137iem gan skaidr\u012bbu, gan atbild\u012bbu. Tikai t\u0101 ir iesp\u0113jams veidot stabilu un prognoz\u0113jamu politisko vidi, kas sp\u0113j nodro\u0161in\u0101t valsts un t\u0101s iedz\u012bvot\u0101ju labkl\u0101j\u012bbu.<\/p>\n","protected":false},"excerpt":{"rendered":"Koal\u012bcijas n\u0101kotnes migla: Sili\u0146a izvair\u0101s no skaidr\u012bbas p\u0113c bud\u017eeta Premjerministre Evika Sili\u0146a (JV) aizvien bie\u017e\u0101k pau\u017e izvair\u012bgu nost\u0101ju,&hellip;\n","protected":false},"author":2,"featured_media":20577,"comment_status":"","ping_status":"","sticky":false,"template":"","format":"standard","meta":{"footnotes":""},"categories":[5],"tags":[23,28,29,1249,32,33,22,351,30,31,35,39,38,36,37,34,6661,40,20,6660,26,27,24,25,331,21],"class_list":{"0":"post-20576","1":"post","2":"type-post","3":"status-publish","4":"format-standard","5":"has-post-thumbnail","7":"category-aktualitates","8":"tag-aktualitates","9":"tag-breaking-news","10":"tag-breakingnews","11":"tag-evika-silina","12":"tag-featured-news","13":"tag-featurednews","14":"tag-headlines","15":"tag-koalicija","16":"tag-latest-news","17":"tag-latestnews","18":"tag-latvia","19":"tag-latvian","20":"tag-latviesu","21":"tag-latviesu-valoda","22":"tag-latviesuvaloda","23":"tag-latvija","24":"tag-latvijas-valdiba","25":"tag-lv","26":"tag-news","27":"tag-politisko-partneru-attiecibas","28":"tag-popularakas-zinas","29":"tag-popularakaszinas","30":"tag-top-stories","31":"tag-topstories","32":"tag-valsts-budzets","33":"tag-zinas"},"share_on_mastodon":{"url":"","error":""},"_links":{"self":[{"href":"https:\/\/www.europesays.com\/lv\/wp-json\/wp\/v2\/posts\/20576","targetHints":{"allow":["GET"]}}],"collection":[{"href":"https:\/\/www.europesays.com\/lv\/wp-json\/wp\/v2\/posts"}],"about":[{"href":"https:\/\/www.europesays.com\/lv\/wp-json\/wp\/v2\/types\/post"}],"author":[{"embeddable":true,"href":"https:\/\/www.europesays.com\/lv\/wp-json\/wp\/v2\/users\/2"}],"replies":[{"embeddable":true,"href":"https:\/\/www.europesays.com\/lv\/wp-json\/wp\/v2\/comments?post=20576"}],"version-history":[{"count":0,"href":"https:\/\/www.europesays.com\/lv\/wp-json\/wp\/v2\/posts\/20576\/revisions"}],"wp:featuredmedia":[{"embeddable":true,"href":"https:\/\/www.europesays.com\/lv\/wp-json\/wp\/v2\/media\/20577"}],"wp:attachment":[{"href":"https:\/\/www.europesays.com\/lv\/wp-json\/wp\/v2\/media?parent=20576"}],"wp:term":[{"taxonomy":"category","embeddable":true,"href":"https:\/\/www.europesays.com\/lv\/wp-json\/wp\/v2\/categories?post=20576"},{"taxonomy":"post_tag","embeddable":true,"href":"https:\/\/www.europesays.com\/lv\/wp-json\/wp\/v2\/tags?post=20576"}],"curies":[{"name":"wp","href":"https:\/\/api.w.org\/{rel}","templated":true}]}}