{"id":20584,"date":"2025-10-14T03:42:07","date_gmt":"2025-10-14T03:42:07","guid":{"rendered":"https:\/\/www.europesays.com\/lv\/20584\/"},"modified":"2025-10-14T03:42:07","modified_gmt":"2025-10-14T03:42:07","slug":"uznemeju-zurnala-dienas-bizness-izdevums-40-dienas-bizness","status":"publish","type":"post","link":"https:\/\/www.europesays.com\/lv\/20584\/","title":{"rendered":"Uz\u0146\u0113m\u0113ju \u017eurn\u0101la Dienas Bizness izdevums #40 :: Dienas Bizness"},"content":{"rendered":"<p><a href=\"https:\/\/cdntest.db.lv\/lvold\/1200\/2019\/articles\/2025\/10\/523533__68ece97718afb.jpg\" target=\"_blank\" rel=\"nofollow noopener\"><img decoding=\"async\" src=\"https:\/\/www.europesays.com\/lv\/wp-content\/uploads\/2025\/10\/523533__68ece97718afb.jpg\" style=\"width: 100%; display: block\"\/><\/a><\/p>\n<p class=\"text-font font-size--text-xlarge margin-3--bottom font-weight--bold padding-1--top\">Digitaliz\u0101cijas laikmet\u0101 arvien vair\u0101k k\u013c\u016bst visa veida digit\u0101lo dokumentu, kuru aprit\u0113 tiek izmantoti ar\u012b elektroniskie paraksti, ta\u010du ne visi tie tiek uztverti k\u0101 dro\u0161i elektroniskie paraksti, turkl\u0101t to izmanto\u0161anai ir ar\u012b specifiskas nianses.<\/p>\n<p class=\"text-font font-size--text-xlarge margin-3--bottom\">V\u0113l uz\u0146\u0113m\u0113ju \u017eurn\u0101la Dienas Bizness 14.oktobra numur\u0101 lasi:<\/p>\n<p class=\"text-font font-size--text-xlarge margin-3--bottom\">DB anal\u012btika<\/p>\n<p class=\"text-font font-size--text-xlarge margin-3--bottom\">\u0136\u012bna iekaro ES elektroauto tirgu<\/p>\n<p class=\"text-font font-size--text-xlarge margin-3--bottom\">Aktu\u0101li<\/p>\n<p class=\"text-font font-size--text-xlarge margin-3--bottom\">Elektronisko parakstu dro\u0161\u012bbas labirinti <\/p>\n<p class=\"text-font font-size--text-xlarge margin-3--bottom\">T\u0113ma<\/p>\n<p class=\"text-font font-size--text-xlarge margin-3--bottom\">\u0100r\u0113jas tirdzniec\u012bbas ierobe\u017eojumi pret Izra\u0113lu nav Latvijas un ES interes\u0113s<\/p>\n<p class=\"text-font font-size--text-xlarge margin-3--bottom\">P\u0113t\u012bjums<\/p>\n<p class=\"text-font font-size--text-xlarge margin-3--bottom\">Vad\u012bbas panel\u012b deg sarkan\u0101s lampi\u0146as &#8211; Latvijas kaimi\u0146valstis att\u012bst\u0101s daudz strauj\u0101k nek\u0101 Latvija<\/p>\n<p class=\"text-font font-size--text-xlarge margin-3--bottom\">Diskusija<\/p>\n<p class=\"text-font font-size--text-xlarge margin-3--bottom\">Zemes akt\u012bviem vajadz\u012bgs saimnieks<\/p>\n<p class=\"text-font font-size--text-xlarge margin-3--bottom\">DB konference<\/p>\n<p class=\"text-font font-size--text-xlarge margin-3--bottom\">Z\u0101\u013cu pieejam\u012bba p\u0113c reformas un n\u0101kotn\u0113<\/p>\n<p class=\"text-font font-size--text-xlarge margin-3--bottom\">Cilv\u0113kresursu vad\u012bba<\/p>\n<p class=\"text-font font-size--text-xlarge margin-3--bottom\">Darba \u0146\u0113m\u0113ji k\u013c\u016bst pras\u012bg\u0101ki<\/p>\n<p class=\"text-font font-size--text-xlarge margin-3--bottom\">Portrets<\/p>\n<p class=\"text-font font-size--text-xlarge margin-3--bottom\">Egija Smila, Merko Ehitus grupas vad\u012bt\u0101ja Latvij\u0101<\/p>\n<p class=\"text-font font-size--text-xlarge margin-3--bottom\">Br\u012bvdienu ce\u013cvedis<\/p>\n<p class=\"text-font font-size--text-xlarge margin-3--bottom\">Raimonds Jan\u0161evskis, Tele2 komercdepartamenta direktora pien\u0101kumu izpild\u012bt\u0101js<\/p>\n<p class=\"text-font font-size--text-xlarge margin-3--bottom\">Uz\u0146\u0113mumu jaunumi<\/p>\n<p class=\"text-font font-size--text-xlarge margin-3--bottom\">Abon\u0113t ir \u0113rt\u0101k: <a href=\"https:\/\/ekiosks.lv\/\" target=\"_blank\" rel=\"nofollow noopener\">e-kiosks.lv<\/a>.<\/p>\n<p class=\"text-font font-size--text-xlarge margin-3--bottom\">Mekl\u0113 ar\u012b liel\u0101kaj\u0101s preses tirdzniec\u012bbas viet\u0101s!<\/p>\n","protected":false},"excerpt":{"rendered":"Digitaliz\u0101cijas laikmet\u0101 arvien vair\u0101k k\u013c\u016bst visa veida digit\u0101lo dokumentu, kuru aprit\u0113 tiek izmantoti ar\u012b elektroniskie paraksti, ta\u010du ne&hellip;\n","protected":false},"author":2,"featured_media":20585,"comment_status":"","ping_status":"","sticky":false,"template":"","format":"standard","meta":{"footnotes":""},"categories":[5],"tags":[23,869,77,870,28,29,867,32,33,22,30,31,35,39,38,36,37,34,871,868,40,20,26,27,24,25,21],"class_list":{"0":"post-20584","1":"post","2":"type-post","3":"status-publish","4":"format-standard","5":"has-post-thumbnail","7":"category-aktualitates","8":"tag-aktualitates","9":"tag-biznesa-zinas","10":"tag-bizness","11":"tag-bizness-latvija","12":"tag-breaking-news","13":"tag-breakingnews","14":"tag-dienas-zinas","15":"tag-featured-news","16":"tag-featurednews","17":"tag-headlines","18":"tag-latest-news","19":"tag-latestnews","20":"tag-latvia","21":"tag-latvian","22":"tag-latviesu","23":"tag-latviesu-valoda","24":"tag-latviesuvaloda","25":"tag-latvija","26":"tag-latvijas-biznesa-zinas","27":"tag-latvijas-zinas","28":"tag-lv","29":"tag-news","30":"tag-popularakas-zinas","31":"tag-popularakaszinas","32":"tag-top-stories","33":"tag-topstories","34":"tag-zinas"},"share_on_mastodon":{"url":"","error":""},"_links":{"self":[{"href":"https:\/\/www.europesays.com\/lv\/wp-json\/wp\/v2\/posts\/20584","targetHints":{"allow":["GET"]}}],"collection":[{"href":"https:\/\/www.europesays.com\/lv\/wp-json\/wp\/v2\/posts"}],"about":[{"href":"https:\/\/www.europesays.com\/lv\/wp-json\/wp\/v2\/types\/post"}],"author":[{"embeddable":true,"href":"https:\/\/www.europesays.com\/lv\/wp-json\/wp\/v2\/users\/2"}],"replies":[{"embeddable":true,"href":"https:\/\/www.europesays.com\/lv\/wp-json\/wp\/v2\/comments?post=20584"}],"version-history":[{"count":0,"href":"https:\/\/www.europesays.com\/lv\/wp-json\/wp\/v2\/posts\/20584\/revisions"}],"wp:featuredmedia":[{"embeddable":true,"href":"https:\/\/www.europesays.com\/lv\/wp-json\/wp\/v2\/media\/20585"}],"wp:attachment":[{"href":"https:\/\/www.europesays.com\/lv\/wp-json\/wp\/v2\/media?parent=20584"}],"wp:term":[{"taxonomy":"category","embeddable":true,"href":"https:\/\/www.europesays.com\/lv\/wp-json\/wp\/v2\/categories?post=20584"},{"taxonomy":"post_tag","embeddable":true,"href":"https:\/\/www.europesays.com\/lv\/wp-json\/wp\/v2\/tags?post=20584"}],"curies":[{"name":"wp","href":"https:\/\/api.w.org\/{rel}","templated":true}]}}