{"id":20606,"date":"2025-10-14T04:07:09","date_gmt":"2025-10-14T04:07:09","guid":{"rendered":"https:\/\/www.europesays.com\/lv\/20606\/"},"modified":"2025-10-14T04:07:09","modified_gmt":"2025-10-14T04:07:09","slug":"baumas-par-romanu-pec-kopigas-vakarinas-monreala-lente-lv","status":"publish","type":"post","link":"https:\/\/www.europesays.com\/lv\/20606\/","title":{"rendered":"Baumas par rom\u0101nu p\u0113c kop\u012bgas vakari\u0146as Monre\u0101l\u0101\u00a0\u2014\u00a0Lente.lv"},"content":{"rendered":"<p>Keitijas Perijas un D\u017eastina Trudo attiec\u012bbu baumas: kas zin\u0101ms?<\/p>\n<p>P\u0113d\u0113j\u0101 laik\u0101 pla\u0161sazi\u0146as l\u012bdzek\u013cos akt\u012bvi izskan baumas par iesp\u0113jam\u0101m romantisk\u0101m attiec\u012bb\u0101m starp pasaulslaveno dzied\u0101t\u0101ju Keitiju Periju un biju\u0161o Kan\u0101das premjerministru D\u017eastinu Trudo. \u0160\u012bs spekul\u0101cijas pastiprin\u0101j\u0101s p\u0113c tam, kad abi tika paman\u012bti kop\u012bgi vakari\u0146ojam Monre\u0101l\u0101. Lai gan ofici\u0101ls apstiprin\u0101jums abu attiec\u012bb\u0101m nav sniegts, \u0161\u012b kop\u012bg\u0101 publisk\u0101 par\u0101d\u012b\u0161an\u0101s izrais\u012bjusi milz\u012bgu interesi un spekul\u0101cijas par vi\u0146u savstarp\u0113j\u0101m j\u016bt\u0101m.<\/p>\n<p>Kop\u012bga vakari\u0146o\u0161ana Monre\u0101l\u0101<\/p>\n<p>K\u0101 v\u0113sta atsevi\u0161\u0137i mediju avoti, Keitija Perija un D\u017eastins Trudo tika paman\u012bti kop\u0101 restor\u0101n\u0101 Monre\u0101l\u0101. \u0160\u012b tik\u0161an\u0101s notika laik\u0101, kad dzied\u0101t\u0101ja bija Kan\u0101d\u0101 koncertturnejas ietvaros. Lai gan pas\u0101kuma organizatori un abu slaven\u012bbu p\u0101rst\u0101vji attur\u0113ju\u0161ies no koment\u0101riem, aculiecinieki apgalvo, ka abi baud\u012bju\u0161i vakari\u0146as un koktei\u013cus. \u0160\u012b kop\u012bg\u0101 izie\u0161ana sabiedr\u012bb\u0101, kur\u0101 abi \u0161obr\u012bd ir br\u012bvi cilv\u0113ki \u2013 Keitija Perija nesen iz\u0161\u0137\u012brusies no aktiera Orlando Bl\u016bma, ar kuru vi\u0146ai ir kop\u012bga meita, savuk\u0101rt D\u017eastins Trudo un vi\u0146a sieva Sofija Gregu\u0101ra Trudo pazi\u0146oja par \u0161\u0137ir\u0161anos 2023. gad\u0101 \u2013 nekav\u0113joties izrais\u012bja min\u0113jumu lav\u012bnu.<\/p>\n<p>Baumas un publisk\u0101 reakcija<\/p>\n<p>Lai gan fotogr\u0101fijas, kur\u0101s redzami Keitija Perija un D\u017eastins Trudo kop\u0101, ir k\u013cuvu\u0161as par sens\u0101ciju internet\u0101, da\u017ei avoti nor\u0101da, ka abi baumas uztver at\u0161\u0137ir\u012bgi. Aculiecinieki un anon\u012bmi informatori medijiem atkl\u0101ju\u0161i, ka D\u017eastins Trudo nav bijis saj\u016bsm\u0101 par publicit\u0101ti, ko izrais\u012bjusi \u0161\u012b tik\u0161an\u0101s, \u012bpa\u0161i uzsverot, ka t\u0101 bija tikai pirm\u0101 randi\u0146a. Vi\u0146\u0161 nev\u0113l\u0113j\u0101s, lai \u0161is pas\u0101kums k\u013c\u016btu par lielu skand\u0101lu. Savuk\u0101rt Keitija Perija, \u0161\u0137iet, uz \u0161o situ\u0101ciju raug\u0101s daudz br\u012bv\u0101k, uztverot to vienk\u0101r\u0161i k\u0101 draudz\u012bgu tik\u0161anos, nevis ko vair\u0101k. Vi\u0146a nav devusi m\u0101jienus, ka attiec\u012bbas b\u016btu p\u0101raugu\u0161as kaut ko nopietn\u0101ku, un parasti neatst\u0101j nosl\u0113pum\u0101 savas j\u016btas.<\/p>\n<p>Pa\u0161reiz\u0113jais statuss un n\u0101kotnes perspekt\u012bvas<\/p>\n<p>Neskatoties uz publiskaj\u0101m spekul\u0101cij\u0101m, abu attiec\u012bbu statuss joproj\u0101m nav skaidrs. Zi\u0146as liecina, ka pa\u0161laik abi savu kop\u012bgo laiku uztver k\u0101 draudz\u012bgu randi\u0146u, un neviens nav publiski apstiprin\u0101jis romantiskas attiec\u012bbas. Tiek uzsv\u0113rts, ka Keitija Perija \u0161obr\u012bd nav gatava jaunam attiec\u012bbu s\u0101kumam, koncentr\u0113joties uz sevis pilnveido\u0161anu un dziedin\u0101\u0161anu p\u0113c iepriek\u0161\u0113j\u0101m attiec\u012bb\u0101m. Tom\u0113r nav izsl\u0113gts, ka situ\u0101cija var main\u012bties n\u0101kotn\u0113, ta\u010du pagaid\u0101m baumas par nopietn\u0101k\u0101m attiec\u012bb\u0101m ir p\u0101ragras.<\/p>\n","protected":false},"excerpt":{"rendered":"Keitijas Perijas un D\u017eastina Trudo attiec\u012bbu baumas: kas zin\u0101ms? P\u0113d\u0113j\u0101 laik\u0101 pla\u0161sazi\u0146as l\u012bdzek\u013cos akt\u012bvi izskan baumas par iesp\u0113jam\u0101m&hellip;\n","protected":false},"author":2,"featured_media":20607,"comment_status":"","ping_status":"","sticky":false,"template":"","format":"standard","meta":{"footnotes":""},"categories":[19],"tags":[888,6668,89,90,6667,35,39,38,36,37,34,40,6669,3644],"class_list":{"0":"post-20606","1":"post","2":"type-post","3":"status-publish","4":"format-standard","5":"has-post-thumbnail","7":"category-izklaide","8":"tag-baumas","9":"tag-dzastins-trudo","10":"tag-entertainment","11":"tag-izklaide","12":"tag-keitija-perija","13":"tag-latvia","14":"tag-latvian","15":"tag-latviesu","16":"tag-latviesu-valoda","17":"tag-latviesuvaloda","18":"tag-latvija","19":"tag-lv","20":"tag-monrealas-vakarinas","21":"tag-slavenibu-attiecibas"},"share_on_mastodon":{"url":"","error":""},"_links":{"self":[{"href":"https:\/\/www.europesays.com\/lv\/wp-json\/wp\/v2\/posts\/20606","targetHints":{"allow":["GET"]}}],"collection":[{"href":"https:\/\/www.europesays.com\/lv\/wp-json\/wp\/v2\/posts"}],"about":[{"href":"https:\/\/www.europesays.com\/lv\/wp-json\/wp\/v2\/types\/post"}],"author":[{"embeddable":true,"href":"https:\/\/www.europesays.com\/lv\/wp-json\/wp\/v2\/users\/2"}],"replies":[{"embeddable":true,"href":"https:\/\/www.europesays.com\/lv\/wp-json\/wp\/v2\/comments?post=20606"}],"version-history":[{"count":0,"href":"https:\/\/www.europesays.com\/lv\/wp-json\/wp\/v2\/posts\/20606\/revisions"}],"wp:featuredmedia":[{"embeddable":true,"href":"https:\/\/www.europesays.com\/lv\/wp-json\/wp\/v2\/media\/20607"}],"wp:attachment":[{"href":"https:\/\/www.europesays.com\/lv\/wp-json\/wp\/v2\/media?parent=20606"}],"wp:term":[{"taxonomy":"category","embeddable":true,"href":"https:\/\/www.europesays.com\/lv\/wp-json\/wp\/v2\/categories?post=20606"},{"taxonomy":"post_tag","embeddable":true,"href":"https:\/\/www.europesays.com\/lv\/wp-json\/wp\/v2\/tags?post=20606"}],"curies":[{"name":"wp","href":"https:\/\/api.w.org\/{rel}","templated":true}]}}