{"id":20642,"date":"2025-10-14T04:52:17","date_gmt":"2025-10-14T04:52:17","guid":{"rendered":"https:\/\/www.europesays.com\/lv\/20642\/"},"modified":"2025-10-14T04:52:17","modified_gmt":"2025-10-14T04:52:17","slug":"balinska-kluda-noved-lidz-vartu-zaudejumam-floridas-panthers-piedzivo-pirmo-neveiksmi-sezona","status":"publish","type":"post","link":"https:\/\/www.europesays.com\/lv\/20642\/","title":{"rendered":"Balinska k\u013c\u016bda noved l\u012bdz v\u0101rtu zaud\u0113jumam, Floridas &#8220;Panthers&#8221; piedz\u012bvo pirmo neveiksmi sezon\u0101"},"content":{"rendered":"<p>Pirmo zaud\u0113jumu jaunaj\u0101 Nacion\u0101l\u0101s hokeja l\u012bgas (<a rel=\"noopener nofollow\" target=\"_blank\" href=\"https:\/\/www.delfi.lv\/temas\/35213925\/nhl\" tag-id=\"35213925\">NHL<\/a>) sezon\u0101 pirmdien piedz\u012bvoja iepriek\u0161\u0113jo divu gadu Stenlija kausa \u010dempione Floridas &#8220;<a rel=\"noopener nofollow\" target=\"_blank\" href=\"https:\/\/www.delfi.lv\/temas\/35861019\/panthers\" tag-id=\"35861019\">Panthers<\/a>&#8221; ar latvie\u0161u aizsargu Uvi Balinski ierind\u0101.<\/p>\n<p>V\u0113l savainojumu turpina \u0101rst\u0113t uzbruc\u0113js Teodors &#8220;B\u013cugers&#8221;, kura p\u0101rst\u0101v\u0113t\u0101 Vank\u016bveras &#8220;<a rel=\"noopener nofollow\" target=\"_blank\" href=\"https:\/\/www.delfi.lv\/temas\/36296139\/canucks\" tag-id=\"36296139\">Canucks<\/a>&#8221; m\u0101j\u0101s ar 2:5 (0:1, 2:3, 0:1) atzina Sentluisas &#8220;Blues&#8221; p\u0101r\u0101kumu. Citviet Tampabejas &#8220;<a rel=\"noopener nofollow\" target=\"_blank\" href=\"https:\/\/www.delfi.lv\/temas\/36429883\/lightning\" tag-id=\"36429883\">Lightning<\/a>&#8221; bez savainot\u0101 Zemgus Girgensona sast\u0101v\u0101 ar 4:3 (2:0, 2:3, 0:0) pieveica &#8220;Bruins&#8221;, svinot pirmo uzvaru sezon\u0101.<\/p>\n<p class=\"m-0\">Seko &#8220;Delfi&#8221; ar\u012b  <a target=\"_blank\" href=\"https:\/\/www.instagram.com\/delfi.lv\/\" rel=\"nofollow noopener\">Instagram<\/a>  un <a target=\"_blank\" href=\"https:\/\/www.youtube.com\/channel\/UCw5foWtcJvAbUm64rv7jwUQ\" rel=\"nofollow noopener\">YouTube<\/a>  profil\u0101 \u2013 pievienojies, lai uzzin\u0101tu svar\u012bg\u0101ko un interesant\u0101ko pirmais!<\/p>\n<p>Publik\u0101cijas saturs vai t\u0101s jebk\u0101da apjoma da\u013ca ir aizsarg\u0101ts autorties\u012bbu objekts Autorties\u012bbu likuma izpratn\u0113, un t\u0101 izmanto\u0161ana bez izdev\u0113ja at\u013caujas ir aizliegta. Vair\u0101k lasi  <a target=\"_blank\" href=\"https:\/\/www.delfi.lv\/noteikumi#autortiesibas\" rel=\"nofollow noopener\">\u0161eit<\/a><script async src=\"\/\/www.instagram.com\/embed.js\"><\/script><\/p>\n","protected":false},"excerpt":{"rendered":"Pirmo zaud\u0113jumu jaunaj\u0101 Nacion\u0101l\u0101s hokeja l\u012bgas (NHL) sezon\u0101 pirmdien piedz\u012bvoja iepriek\u0161\u0113jo divu gadu Stenlija kausa \u010dempione Floridas &#8220;Panthers&#8221;&hellip;\n","protected":false},"author":2,"featured_media":20643,"comment_status":"","ping_status":"","sticky":false,"template":"","format":"standard","meta":{"footnotes":""},"categories":[17],"tags":[4332,5256,1436,6673,35,39,38,36,37,34,4349,40,835,4348,67,3953],"class_list":{"0":"post-20642","1":"post","2":"type-post","3":"status-publish","4":"format-standard","5":"has-post-thumbnail","7":"category-sports","8":"tag-blue-jackets","9":"tag-canucks","10":"tag-elvis-merzlikins","11":"tag-flyers","12":"tag-latvia","13":"tag-latvian","14":"tag-latviesu","15":"tag-latviesu-valoda","16":"tag-latviesuvaloda","17":"tag-latvija","18":"tag-lightning","19":"tag-lv","20":"tag-nhl","21":"tag-panthers","22":"tag-sports","23":"tag-uvis-balinskis"},"share_on_mastodon":{"url":"","error":""},"_links":{"self":[{"href":"https:\/\/www.europesays.com\/lv\/wp-json\/wp\/v2\/posts\/20642","targetHints":{"allow":["GET"]}}],"collection":[{"href":"https:\/\/www.europesays.com\/lv\/wp-json\/wp\/v2\/posts"}],"about":[{"href":"https:\/\/www.europesays.com\/lv\/wp-json\/wp\/v2\/types\/post"}],"author":[{"embeddable":true,"href":"https:\/\/www.europesays.com\/lv\/wp-json\/wp\/v2\/users\/2"}],"replies":[{"embeddable":true,"href":"https:\/\/www.europesays.com\/lv\/wp-json\/wp\/v2\/comments?post=20642"}],"version-history":[{"count":0,"href":"https:\/\/www.europesays.com\/lv\/wp-json\/wp\/v2\/posts\/20642\/revisions"}],"wp:featuredmedia":[{"embeddable":true,"href":"https:\/\/www.europesays.com\/lv\/wp-json\/wp\/v2\/media\/20643"}],"wp:attachment":[{"href":"https:\/\/www.europesays.com\/lv\/wp-json\/wp\/v2\/media?parent=20642"}],"wp:term":[{"taxonomy":"category","embeddable":true,"href":"https:\/\/www.europesays.com\/lv\/wp-json\/wp\/v2\/categories?post=20642"},{"taxonomy":"post_tag","embeddable":true,"href":"https:\/\/www.europesays.com\/lv\/wp-json\/wp\/v2\/tags?post=20642"}],"curies":[{"name":"wp","href":"https:\/\/api.w.org\/{rel}","templated":true}]}}