{"id":20703,"date":"2025-10-14T05:57:10","date_gmt":"2025-10-14T05:57:10","guid":{"rendered":"https:\/\/www.europesays.com\/lv\/20703\/"},"modified":"2025-10-14T05:57:10","modified_gmt":"2025-10-14T05:57:10","slug":"aktrise-inga-tropa-apprecejusies-un-mainijusi-uzvardu","status":"publish","type":"post","link":"https:\/\/www.europesays.com\/lv\/20703\/","title":{"rendered":"Aktrise Inga Tropa apprec\u0113jusies un main\u012bjusi uzv\u0101rdu"},"content":{"rendered":"<p>Par prec\u0113tu sievu k\u013cuvusi latvie\u0161u aktrise un te\u0101tra re\u017eisore Inga Tropa \u2013 vi\u0146a soci\u0101lajos t\u012bklos savu attiec\u012bbu statusu nomain\u012bjusi uz &#8220;prec\u0113jusies&#8221;, k\u0101 ar\u012b redzama ar uzv\u0101rdu Ungure.<\/p>\n<p>Ingas v\u012brs ir aktieris un re\u017eisors Gatis Ungurs, ar kuru m\u0101ksliniece iepazin\u0101s, film\u0113joties kom\u0113dij\u0101 &#8220;Melnais samts&#8221;. Filmas pirmizr\u0101de notika p\u0113rn febru\u0101r\u012b, un taj\u0101 abi atveidoja m\u012bl\u0113t\u0101ju p\u0101ri \u2013 ar\u012b dz\u012bv\u0113 vi\u0146u draudz\u012bba p\u0101rauga \u012bst\u0101 m\u012blest\u012bb\u0101.<\/p>\n<p>\u0160is gads p\u0101rim bijis \u012bpa\u0161i laim\u012bgs \u2013 8. janv\u0101r\u012b pasaul\u0113 n\u0101ca vi\u0146u meiti\u0146a Grieta. Ingai \u0161is ir otrais b\u0113rns \u2013 aktrisei jau ir 15 gadus vecs d\u0113ls Mihels no attiec\u012bb\u0101m ar re\u017eisoru Ren\u0101ru Vimbu.<\/p>\n<p>Lasi ar\u012b:<\/p>\n<p><a target=\"_blank\" href=\"https:\/\/www.1188.lv\/zinas\/aktrise-inga-tropa-kluvusi-par-mammu-meitinai\/42713\" rel=\"nofollow noopener\">Aktrise Inga Tropa k\u013cuvusi par mammu meiti\u0146ai<\/a><\/p>\n<p><img decoding=\"async\" src=\"https:\/\/www.europesays.com\/lv\/wp-content\/uploads\/2025\/10\/0e8e0670b4599067321dd3bbc50387de.jpg\" title=\"Foto: Inga Ungure\/ Facebook\" alt=\"Foto: Inga Ungure\/ Facebook\"\/><\/p>\n<p class=\"article-img-desc\">Foto: Inga Ungure\/ Facebook<\/p>\n","protected":false},"excerpt":{"rendered":"Par prec\u0113tu sievu k\u013cuvusi latvie\u0161u aktrise un te\u0101tra re\u017eisore Inga Tropa \u2013 vi\u0146a soci\u0101lajos t\u012bklos savu attiec\u012bbu statusu&hellip;\n","protected":false},"author":2,"featured_media":20704,"comment_status":"","ping_status":"","sticky":false,"template":"","format":"standard","meta":{"footnotes":""},"categories":[19],"tags":[129,1776,1692,89,90,35,39,38,36,37,34,40,1777,1693,1778,1694],"class_list":{"0":"post-20703","1":"post","2":"type-post","3":"status-publish","4":"format-standard","5":"has-post-thumbnail","7":"category-izklaide","8":"tag-__typenameadvicekeyword","9":"tag-id1173","10":"tag-id456","11":"tag-entertainment","12":"tag-izklaide","13":"tag-latvia","14":"tag-latvian","15":"tag-latviesu","16":"tag-latviesu-valoda","17":"tag-latviesuvaloda","18":"tag-latvija","19":"tag-lv","20":"tag-slugattiecibas","21":"tag-slugwedding","22":"tag-titleattiecibas","23":"tag-titlewedding"},"share_on_mastodon":{"url":"","error":""},"_links":{"self":[{"href":"https:\/\/www.europesays.com\/lv\/wp-json\/wp\/v2\/posts\/20703","targetHints":{"allow":["GET"]}}],"collection":[{"href":"https:\/\/www.europesays.com\/lv\/wp-json\/wp\/v2\/posts"}],"about":[{"href":"https:\/\/www.europesays.com\/lv\/wp-json\/wp\/v2\/types\/post"}],"author":[{"embeddable":true,"href":"https:\/\/www.europesays.com\/lv\/wp-json\/wp\/v2\/users\/2"}],"replies":[{"embeddable":true,"href":"https:\/\/www.europesays.com\/lv\/wp-json\/wp\/v2\/comments?post=20703"}],"version-history":[{"count":0,"href":"https:\/\/www.europesays.com\/lv\/wp-json\/wp\/v2\/posts\/20703\/revisions"}],"wp:featuredmedia":[{"embeddable":true,"href":"https:\/\/www.europesays.com\/lv\/wp-json\/wp\/v2\/media\/20704"}],"wp:attachment":[{"href":"https:\/\/www.europesays.com\/lv\/wp-json\/wp\/v2\/media?parent=20703"}],"wp:term":[{"taxonomy":"category","embeddable":true,"href":"https:\/\/www.europesays.com\/lv\/wp-json\/wp\/v2\/categories?post=20703"},{"taxonomy":"post_tag","embeddable":true,"href":"https:\/\/www.europesays.com\/lv\/wp-json\/wp\/v2\/tags?post=20703"}],"curies":[{"name":"wp","href":"https:\/\/api.w.org\/{rel}","templated":true}]}}