{"id":20748,"date":"2025-10-14T06:36:08","date_gmt":"2025-10-14T06:36:08","guid":{"rendered":"https:\/\/www.europesays.com\/lv\/20748\/"},"modified":"2025-10-14T06:36:08","modified_gmt":"2025-10-14T06:36:08","slug":"no-valsts-aizbedzis-madagaskaras-prezidents","status":"publish","type":"post","link":"https:\/\/www.europesays.com\/lv\/20748\/","title":{"rendered":"No valsts aizb\u0113dzis Madagaskaras prezidents"},"content":{"rendered":"<p>Prezidents pirmdienas vakar\u0101 tie\u0161raides videouzrun\u0101 pazi\u0146oja, ka vi\u0146am n\u0101c\u0101s p\u0101rcelties uz dro\u0161u vietu, lai aizsarg\u0101tu savu dz\u012bv\u012bbu.<\/p>\n<p>Radzualina sv\u0113tdien tika aizvests no Madagaskaras ar Francijas armijas lidma\u0161\u012bnu p\u0113c vieno\u0161an\u0101s ar Francijas prezidentu Emanuelu Makronu, zi\u0146oja Francijas radiostacija RFI.<\/p>\n<p>Radzualina, kur\u0161 2014. gad\u0101 ieguva Francijas pilson\u012bbu, nav izpaudis savu pa\u0161reiz\u0113jo atra\u0161an\u0101s vietu.<\/p>\n<p>Videouzruna vair\u0101kas reizes tika atlikta p\u0113c tam, kad valsts medijus ie\u0146\u0113ma bru\u0146otie sp\u0113ki. T\u0101s p\u0101rraid\u012b\u0161anu ietekm\u0113ja ar\u012b tehniskas probl\u0113mas.<\/p>\n<p>Radzualina neizteic\u0101s par iesp\u0113jamu atk\u0101p\u0161anos, bet aicin\u0101ja iedz\u012bvot\u0101jus respekt\u0113t past\u0101vo\u0161o k\u0101rt\u012bbu.<\/p>\n<p>Madagaskaru ir satricin\u0101ju\u0161i protesti, kuros piedal\u0101s desmitiem t\u016bksto\u0161i jaunie\u0161u. Tos izprovoc\u0113ja energoapg\u0101des un \u016bdensapg\u0101des p\u0101rtraukumi, neapmierin\u0101t\u012bba ar izgl\u012bt\u012bbas sist\u0113mu, augsts bezdarba l\u012bmenis un pla\u0161i izplat\u012bta nabadz\u012bba.<\/p>\n<p>Mier\u012bg\u0101m demonstr\u0101cij\u0101m izv\u0113r\u0161oties vardarb\u012bb\u0101, ir g\u0101ju\u0161i boj\u0101 vismaz 22 cilv\u0113ki.<\/p>\n<p>Radzualinas birojs sv\u0113tdien nosod\u012bja valsts apv\u0113rsuma m\u0113\u0123in\u0101jumu pret vi\u0146u. Armijas vien\u012bba pazi\u0146oja, ka esot p\u0101r\u0146\u0113musi kontroli p\u0101r valsts sauszemes, j\u016bras un gaisa sp\u0113kiem. Protestiem pievienoj\u0101s daudzi karav\u012bri.<\/p>\n<p>Kad izplat\u012bj\u0101s baumas, ka prezidents atst\u0101jis valsti, vi\u0146a birojs sv\u0113tdien apgalvoja, ka Radzualina uzturas prezidenta pils bunkur\u0101.<\/p>\n","protected":false},"excerpt":{"rendered":"Prezidents pirmdienas vakar\u0101 tie\u0161raides videouzrun\u0101 pazi\u0146oja, ka vi\u0146am n\u0101c\u0101s p\u0101rcelties uz dro\u0161u vietu, lai aizsarg\u0101tu savu dz\u012bv\u012bbu. Radzualina&hellip;\n","protected":false},"author":2,"featured_media":20639,"comment_status":"","ping_status":"","sticky":false,"template":"","format":"standard","meta":{"footnotes":""},"categories":[14],"tags":[23,6699,57,28,29,32,33,1309,22,30,31,35,39,38,36,37,34,40,6698,20,26,27,24,25,54,55,56,21,58],"class_list":{"0":"post-20748","1":"post","2":"type-post","3":"status-publish","4":"format-standard","5":"has-post-thumbnail","7":"category-zinas-no-arvalstim","8":"tag-aktualitates","9":"tag-andri-radzualina","10":"tag-arvalstim","11":"tag-breaking-news","12":"tag-breakingnews","13":"tag-featured-news","14":"tag-featurednews","15":"tag-francija","16":"tag-headlines","17":"tag-latest-news","18":"tag-latestnews","19":"tag-latvia","20":"tag-latvian","21":"tag-latviesu","22":"tag-latviesu-valoda","23":"tag-latviesuvaloda","24":"tag-latvija","25":"tag-lv","26":"tag-madagaskara","27":"tag-news","28":"tag-popularakas-zinas","29":"tag-popularakaszinas","30":"tag-top-stories","31":"tag-topstories","32":"tag-world","33":"tag-world-news","34":"tag-worldnews","35":"tag-zinas","36":"tag-zinas-no-arvalstim"},"share_on_mastodon":{"url":"","error":""},"_links":{"self":[{"href":"https:\/\/www.europesays.com\/lv\/wp-json\/wp\/v2\/posts\/20748","targetHints":{"allow":["GET"]}}],"collection":[{"href":"https:\/\/www.europesays.com\/lv\/wp-json\/wp\/v2\/posts"}],"about":[{"href":"https:\/\/www.europesays.com\/lv\/wp-json\/wp\/v2\/types\/post"}],"author":[{"embeddable":true,"href":"https:\/\/www.europesays.com\/lv\/wp-json\/wp\/v2\/users\/2"}],"replies":[{"embeddable":true,"href":"https:\/\/www.europesays.com\/lv\/wp-json\/wp\/v2\/comments?post=20748"}],"version-history":[{"count":0,"href":"https:\/\/www.europesays.com\/lv\/wp-json\/wp\/v2\/posts\/20748\/revisions"}],"wp:featuredmedia":[{"embeddable":true,"href":"https:\/\/www.europesays.com\/lv\/wp-json\/wp\/v2\/media\/20639"}],"wp:attachment":[{"href":"https:\/\/www.europesays.com\/lv\/wp-json\/wp\/v2\/media?parent=20748"}],"wp:term":[{"taxonomy":"category","embeddable":true,"href":"https:\/\/www.europesays.com\/lv\/wp-json\/wp\/v2\/categories?post=20748"},{"taxonomy":"post_tag","embeddable":true,"href":"https:\/\/www.europesays.com\/lv\/wp-json\/wp\/v2\/tags?post=20748"}],"curies":[{"name":"wp","href":"https:\/\/api.w.org\/{rel}","templated":true}]}}