{"id":20851,"date":"2025-10-14T08:29:14","date_gmt":"2025-10-14T08:29:14","guid":{"rendered":"https:\/\/www.europesays.com\/lv\/20851\/"},"modified":"2025-10-14T08:29:14","modified_gmt":"2025-10-14T08:29:14","slug":"spelmanu-nakts-balvu-par-muza-ieguldijumu-sanems-aina-karele-un-jakovs-rafalsons","status":"publish","type":"post","link":"https:\/\/www.europesays.com\/lv\/20851\/","title":{"rendered":"Sp\u0113lma\u0146u nakts balvu par M\u016b\u017ea ieguld\u012bjumu sa\u0146ems Aina Karele un Jakovs Rafa\u013csons"},"content":{"rendered":"<p><img decoding=\"async\" class=\"figure__image\" onclick=\"triggerEvent('articleImageClick', { id: 17209864, focus: 'single-image', focusIndex: '17209864' })\" onkeydown=\"if (event.key === 'Enter') {&#10;        triggerEvent('articleImageClick', { id: 17209864, focus: 'single-image', focusIndex: '17209864' })&#10;        }\" role=\"button\" tabindex=\"0\" data-focus-from=\"single-image\" data-focus-index=\"17209864\" src=\"https:\/\/www.europesays.com\/lv\/wp-content\/uploads\/2025\/10\/17209864t1hfb0d.jpg\" onload=\"this.parentElement.classList.remove('figure__image-loading')\" alt=\"Antons \u010cehovs, &quot;Kaija&quot;. Re\u017eisors O\u013c\u0123erts Kroders.\"\/>Antons \u010cehovs, &#8220;Kaija&#8221;. Re\u017eisors O\u013c\u0123erts Kroders. Foto: Liep\u0101jas te\u0101tra arh\u012bvs<\/p>\n<p>Kroders pal\u012bdz\u0113ja deheroiz\u0113t \u0161\u012bspasaules varenos un \u0160illera Marij\u0101 Stjuart\u0113 (1976) vai \u0160eksp\u012bra \u0122ertr\u016bd\u0113 (\u201cHamlets\u201d, 1984) atkl\u0101t gan zemus un egoistiskus mot\u012bvus, gan \u2013 iz\u0161\u0137iro\u0161os br\u012b\u017eos \u2013 karalisku st\u0101ju un pa\u0161cie\u0146u.<\/p>\n<p><img decoding=\"async\" class=\"figure__image\" onclick=\"triggerEvent('articleImageClick', { id: 17209868, focus: 'single-image', focusIndex: '17209868' })\" onkeydown=\"if (event.key === 'Enter') {&#10;        triggerEvent('articleImageClick', { id: 17209868, focus: 'single-image', focusIndex: '17209868' })&#10;        }\" role=\"button\" tabindex=\"0\" data-focus-from=\"single-image\" data-focus-index=\"17209868\" src=\"https:\/\/www.europesays.com\/lv\/wp-content\/uploads\/2025\/10\/17209868t1ha7c3.jpg\" onload=\"this.parentElement.classList.remove('figure__image-loading')\" alt=\"Fr\u012bdrihs \u0160illers, &quot;Marija Stjuarte&quot;. Re\u017eisors O\u013c\u0123erts Kroders.\"\/>Fr\u012bdrihs \u0160illers, &#8220;Marija Stjuarte&#8221;. Re\u017eisors O\u013c\u0123erts Kroders. Foto: Liep\u0101jas te\u0101tra arh\u012bvs<\/p>\n<p>Tom\u0113r loma, kas visprec\u012bz\u0101k izsaka pa\u0161as aktrises person\u012bbu, tapusi Valda L\u016bri\u0146a iestud\u0113taj\u0101 aizraut\u012bgaj\u0101 Atmodas laika \u201c\u0160veik\u0101\u201d (1986) \u2013 dai\u013c\u0101, par sp\u012bti karam un briesm\u0101m bezr\u016bp\u012bg\u0101 Vendlera kundze, kurai, gr\u0101bjot piln\u0101m sauj\u0101m aizliegtu m\u012blu un citas baudas, bija divi kaujas saucieni: \u201cV\u012bnu!\u201d un \u201cUguni!\u201d<\/p>\n<blockquote class=\"quote ck-widget\" contenteditable=\"false\">\n<p>To reibino\u0161o dz\u012bves prieku un temperamentu Aina nav pazaud\u0113jusi nekad. Un dro\u0161i vien liek liet\u0101 ar\u012b tagad, vadot ekskursijas Liep\u0101jas te\u0101tri un str\u0101d\u0101jot par t\u0101 arh\u012bva, t\u0101tad v\u0113stures, glab\u0101t\u0101ju.<\/p>\n<\/blockquote>\n<p><img decoding=\"async\" class=\"figure__image\" onclick=\"triggerEvent('articleImageClick', { id: 17209869, focus: 'single-image', focusIndex: '17209869' })\" onkeydown=\"if (event.key === 'Enter') {&#10;        triggerEvent('articleImageClick', { id: 17209869, focus: 'single-image', focusIndex: '17209869' })&#10;        }\" role=\"button\" tabindex=\"0\" data-focus-from=\"single-image\" data-focus-index=\"17209869\" src=\"https:\/\/f12.pmo.ee\/KU0-cm_fbtAOOmvXA9xMiO3O4KM=\/768x0\/filters:format(webp)\/nginx\/o\/2025\/10\/14\/17209869t1h0717.png\" onload=\"this.parentElement.classList.remove('figure__image-loading')\" alt=\"Aina Karele, piedaloties TV raid\u012bjum\u0101 &quot;Te\u0101tra gar\u0161a&quot;.\"\/>Aina Karele, piedaloties TV raid\u012bjum\u0101 &#8220;Te\u0101tra gar\u0161a&#8221;. Foto: Agris Jani\u0161auskis<\/p>\n<p>2022. gad\u0101 par \u012bpa\u0161iem nopelniem skatuves m\u0101ksl\u0101 Aina Karele tika uz\u0146emta Te\u0101tra Zelta fond\u0101.<\/p>\n<p>Un tagad kulturolo\u0123es Linas Ov\u010di\u0146\u0146ikovas (M.\u010cehova te\u0101tris) sagatavotais p\u0101rskats par Jakova Rafa\u013csona darba g\u0101jumu.<\/p>\n<p>Jakovs Rafa\u013csons dzimis Do\u0146eckas apgabala (Ukraina) Makejevkas pils\u0113t\u0101 1946. gada 5. novembr\u012b, kur aktiera t\u0113vs \u0100brams Rafa\u013csons Otr\u0101 pasaules kara s\u0101kum\u0101, gl\u0101bjoties no nacistu vaj\u0101\u0161an\u0101m un atst\u0101jot dzimto R\u012bgu, dibina \u0123imeni. \u0122imene 1964. gad\u0101 atgrie\u017eas R\u012bg\u0101, kur Jakovs ieg\u016bst vidusskolas izgl\u012bt\u012bbu R\u012bgas 2. vakarskol\u0101.<\/p>\n<p><img decoding=\"async\" class=\"figure__image\" onclick=\"triggerEvent('articleImageClick', { id: 17209862, focus: 'single-image', focusIndex: '17209862' })\" onkeydown=\"if (event.key === 'Enter') {&#10;        triggerEvent('articleImageClick', { id: 17209862, focus: 'single-image', focusIndex: '17209862' })&#10;        }\" role=\"button\" tabindex=\"0\" data-focus-from=\"single-image\" data-focus-index=\"17209862\" src=\"https:\/\/f12.pmo.ee\/4awhNMWsJ2FGfm1SE2et3znPAog=\/768x0\/filters:format(webp)\/nginx\/o\/2025\/10\/14\/17209862t1hf123.jpg\" onload=\"this.parentElement.classList.remove('figure__image-loading')\" alt=\"Viljams \u0160eksp\u012brs, &quot;Karalis L\u012brs&quot;. Re\u017eisors Viesturs Kairi\u0161s.\"\/>Viljams \u0160eksp\u012brs, &#8220;Karalis L\u012brs&#8221;. Re\u017eisors Viesturs Kairi\u0161s. Foto: Didzis Grodzs<\/p>\n<p>P\u0113c diviem gadiem, 1966. gad\u0101 J. Rafa\u013csons iest\u0101j\u0101s Jaroslav\u013cas Te\u0101tra augstskol\u0101 un p\u0113c studij\u0101m l\u012bdz 1991. gadam str\u0101d\u0101 Mi\u010durina te\u0101tr\u012b, A. Ko\u013ccova Voro\u0146e\u017eas te\u0101tr\u012b, A. Luna\u010darska Sevastopoles te\u0101tr\u012b, Tomskas Dr\u0101mas te\u0101tr\u012b un Maskavas te\u0101tr\u012b \u201cGlobuss\u201d.<\/p>\n<p><img decoding=\"async\" class=\"figure__image\" onclick=\"triggerEvent('articleImageClick', { id: 17209856, focus: 'single-image', focusIndex: '17209856' })\" onkeydown=\"if (event.key === 'Enter') {&#10;        triggerEvent('articleImageClick', { id: 17209856, focus: 'single-image', focusIndex: '17209856' })&#10;        }\" role=\"button\" tabindex=\"0\" data-focus-from=\"single-image\" data-focus-index=\"17209856\" src=\"https:\/\/www.europesays.com\/lv\/wp-content\/uploads\/2025\/10\/17209856t1hbc6f.jpg\" onload=\"this.parentElement.classList.remove('figure__image-loading')\" alt=\"Arturs Millers, &quot;Notikums Vi\u0161\u012b pils\u0113t\u0101&quot;. Re\u017eisors Sergejs Golomazovs.\"\/>Arturs Millers, &#8220;Notikums Vi\u0161\u012b pils\u0113t\u0101&#8221;. Re\u017eisors Sergejs Golomazovs. Foto: Peter Kritsky<\/p>\n<p>1991. gad\u0101 Jakovs Rafa\u013csons atgrie\u017eas R\u012bg\u0101 un s\u0101k str\u0101d\u0101t Valsts R\u012bgas Krievu dr\u0101mas te\u0101tr\u012b (no 2006. gada \u2013 <a href=\"https:\/\/sejas.tvnet.lv\/term\/561552\/mihaila-cehova-rigas-krievu-teatris\" class=\"topicLink\" target=\"_blank\" rel=\"nofollow noopener\">Mihaila \u010cehova R\u012bgas Krievu te\u0101tris<\/a>). S\u0101kotn\u0113ji J. Rafa\u013csonam tiek pied\u0101v\u0101tas \u201cmazas\u201d lomas, ta\u010du dr\u012bz Te\u0101tra repertu\u0101rs k\u013c\u016bst neiedom\u0101jams bez aktiera sp\u0113c\u012bgaj\u0101m, spilgtaj\u0101m, ener\u0123\u0113tiskaj\u0101m un daudzveid\u012bgaj\u0101m lom\u0101m.<\/p>\n","protected":false},"excerpt":{"rendered":"Antons \u010cehovs, &#8220;Kaija&#8221;. Re\u017eisors O\u013c\u0123erts Kroders. Foto: Liep\u0101jas te\u0101tra arh\u012bvs Kroders pal\u012bdz\u0113ja deheroiz\u0113t \u0161\u012bspasaules varenos un \u0160illera Marij\u0101&hellip;\n","protected":false},"author":2,"featured_media":20852,"comment_status":"","ping_status":"","sticky":false,"template":"","format":"standard","meta":{"footnotes":""},"categories":[19],"tags":[89,90,35,39,38,36,37,34,507,40,2492,6020],"class_list":{"0":"post-20851","1":"post","2":"type-post","3":"status-publish","4":"format-standard","5":"has-post-thumbnail","7":"category-izklaide","8":"tag-entertainment","9":"tag-izklaide","10":"tag-latvia","11":"tag-latvian","12":"tag-latviesu","13":"tag-latviesu-valoda","14":"tag-latviesuvaloda","15":"tag-latvija","16":"tag-liepajas-teatris","17":"tag-lv","18":"tag-mihaila-cehova-rigas-krievu-teatris","19":"tag-spelmanu-nakts"},"share_on_mastodon":{"url":"","error":""},"_links":{"self":[{"href":"https:\/\/www.europesays.com\/lv\/wp-json\/wp\/v2\/posts\/20851","targetHints":{"allow":["GET"]}}],"collection":[{"href":"https:\/\/www.europesays.com\/lv\/wp-json\/wp\/v2\/posts"}],"about":[{"href":"https:\/\/www.europesays.com\/lv\/wp-json\/wp\/v2\/types\/post"}],"author":[{"embeddable":true,"href":"https:\/\/www.europesays.com\/lv\/wp-json\/wp\/v2\/users\/2"}],"replies":[{"embeddable":true,"href":"https:\/\/www.europesays.com\/lv\/wp-json\/wp\/v2\/comments?post=20851"}],"version-history":[{"count":0,"href":"https:\/\/www.europesays.com\/lv\/wp-json\/wp\/v2\/posts\/20851\/revisions"}],"wp:featuredmedia":[{"embeddable":true,"href":"https:\/\/www.europesays.com\/lv\/wp-json\/wp\/v2\/media\/20852"}],"wp:attachment":[{"href":"https:\/\/www.europesays.com\/lv\/wp-json\/wp\/v2\/media?parent=20851"}],"wp:term":[{"taxonomy":"category","embeddable":true,"href":"https:\/\/www.europesays.com\/lv\/wp-json\/wp\/v2\/categories?post=20851"},{"taxonomy":"post_tag","embeddable":true,"href":"https:\/\/www.europesays.com\/lv\/wp-json\/wp\/v2\/tags?post=20851"}],"curies":[{"name":"wp","href":"https:\/\/api.w.org\/{rel}","templated":true}]}}