{"id":20857,"date":"2025-10-14T08:36:18","date_gmt":"2025-10-14T08:36:18","guid":{"rendered":"https:\/\/www.europesays.com\/lv\/20857\/"},"modified":"2025-10-14T08:36:18","modified_gmt":"2025-10-14T08:36:18","slug":"rodions-kurucs-spanija-guvis-traumu-vietejie-mediji-skaidro-veselibas-stavokli","status":"publish","type":"post","link":"https:\/\/www.europesays.com\/lv\/20857\/","title":{"rendered":"Rodions Kurucs Sp\u0101nij\u0101 guvis traumu; viet\u0113jie mediji skaidro vesel\u012bbas st\u0101vokli"},"content":{"rendered":"<p>Latvijas basketbolista Rodiona Kuruca g\u016btais savainojums nav nopietns un tuv\u0101kaj\u0101 laik\u0101 vi\u0146\u0161 atgriez\u012bsies laukum\u0101, v\u0113sta sp\u0101\u0146u mediji.<\/p>\n<p>Jau zi\u0146ots, ka Kurucs sv\u0113tdien Sp\u0101nijas augst\u0101k\u0101s l\u012bgas (ACB) ma\u010d\u0101 Vitorijas &#8220;Baskonia&#8221; rind\u0101s aizvad\u012bja tikai \u010detras min\u016btes 105:100 uzvar\u0113t\u0101 ma\u010d\u0101 pret Madrides &#8220;Real&#8221;.<\/p>\n<p>K\u0101 zi\u0146o &#8220;Noticias de Alava&#8221;, tad Kuruca sajust\u0101s s\u0101pes kreisaj\u0101 p\u0113d\u0101 ir vasar\u0101 g\u016bt\u0101 savainojuma sekas un nopietnu traumu vi\u0146\u0161 nav guvis.<\/p>\n<p>Pagaid\u0101m nav zin\u0101ms vai Kurucs r\u012bt var\u0113s pal\u012bdz\u0113t savai komandai ULEB Eirol\u012bgas ma\u010da pret fran\u010du &#8220;Paris&#8221;.<\/p>\n<p>Jau zi\u0146ots, ka Kurucs kreis\u0101s k\u0101jas plant\u0101r\u0101 fasc\u012bta savainojuma d\u0113\u013c bija spiests izlaist \u0161\u0101 gada Eiropas \u010dempion\u0101tu R\u012bg\u0101.<\/p>\n<p><img decoding=\"async\" src=\"https:\/\/www.europesays.com\/lv\/wp-content\/uploads\/2025\/10\/c81d73db4f3ad9dccf992ca1d4ce03ab.jpg\" title=\"Rodions Kurucs. Foto: Paula \u010curkste\/LETA\" alt=\"Rodions Kurucs. Foto: Paula \u010curkste\/LETA\"\/><\/p>\n<p class=\"article-img-desc\">Rodions Kurucs. Foto: Paula \u010curkste\/LETA<\/p>\n","protected":false},"excerpt":{"rendered":"Latvijas basketbolista Rodiona Kuruca g\u016btais savainojums nav nopietns un tuv\u0101kaj\u0101 laik\u0101 vi\u0146\u0161 atgriez\u012bsies laukum\u0101, v\u0113sta sp\u0101\u0146u mediji. Jau&hellip;\n","protected":false},"author":2,"featured_media":20858,"comment_status":"","ping_status":"","sticky":false,"template":"","format":"standard","meta":{"footnotes":""},"categories":[17],"tags":[129,3769,35,39,38,36,37,34,40,3770,67,3771],"class_list":{"0":"post-20857","1":"post","2":"type-post","3":"status-publish","4":"format-standard","5":"has-post-thumbnail","7":"category-sports","8":"tag-__typenameadvicekeyword","9":"tag-id813","10":"tag-latvia","11":"tag-latvian","12":"tag-latviesu","13":"tag-latviesu-valoda","14":"tag-latviesuvaloda","15":"tag-latvija","16":"tag-lv","17":"tag-slugbasketbols","18":"tag-sports","19":"tag-titlebasketbols"},"share_on_mastodon":{"url":"","error":""},"_links":{"self":[{"href":"https:\/\/www.europesays.com\/lv\/wp-json\/wp\/v2\/posts\/20857","targetHints":{"allow":["GET"]}}],"collection":[{"href":"https:\/\/www.europesays.com\/lv\/wp-json\/wp\/v2\/posts"}],"about":[{"href":"https:\/\/www.europesays.com\/lv\/wp-json\/wp\/v2\/types\/post"}],"author":[{"embeddable":true,"href":"https:\/\/www.europesays.com\/lv\/wp-json\/wp\/v2\/users\/2"}],"replies":[{"embeddable":true,"href":"https:\/\/www.europesays.com\/lv\/wp-json\/wp\/v2\/comments?post=20857"}],"version-history":[{"count":0,"href":"https:\/\/www.europesays.com\/lv\/wp-json\/wp\/v2\/posts\/20857\/revisions"}],"wp:featuredmedia":[{"embeddable":true,"href":"https:\/\/www.europesays.com\/lv\/wp-json\/wp\/v2\/media\/20858"}],"wp:attachment":[{"href":"https:\/\/www.europesays.com\/lv\/wp-json\/wp\/v2\/media?parent=20857"}],"wp:term":[{"taxonomy":"category","embeddable":true,"href":"https:\/\/www.europesays.com\/lv\/wp-json\/wp\/v2\/categories?post=20857"},{"taxonomy":"post_tag","embeddable":true,"href":"https:\/\/www.europesays.com\/lv\/wp-json\/wp\/v2\/tags?post=20857"}],"curies":[{"name":"wp","href":"https:\/\/api.w.org\/{rel}","templated":true}]}}