{"id":2088,"date":"2025-09-22T15:47:07","date_gmt":"2025-09-22T15:47:07","guid":{"rendered":"https:\/\/www.europesays.com\/lv\/2088\/"},"modified":"2025-09-22T15:47:07","modified_gmt":"2025-09-22T15:47:07","slug":"iespejams-modernakais-visa-ziemeleiropa-nupat-ekspluatacija-nodotais-jaunais-liepajas-cietums","status":"publish","type":"post","link":"https:\/\/www.europesays.com\/lv\/2088\/","title":{"rendered":"&#8220;Iesp\u0113jams, modern\u0101kais vis\u0101 Zieme\u013ceirop\u0101!&#8221; Nupat ekspluat\u0101cij\u0101 nodotais jaunais Liep\u0101jas cietums"},"content":{"rendered":"<p>Jaunais Liep\u0101jas cietums ir modern\u0101kais cietums Baltij\u0101 un, iesp\u0113jams, ar\u012b vis\u0101 Zieme\u013ceirop\u0101, t\u0101 nor\u0101d\u012bjis Tieslietu ministrijas (TM) valsts sekret\u0101rs Mihails Papsujevi\u010ds.<\/p>\n<p>M\u016bsdien\u012bgums izpau\u017eas izmantotaj\u0101s tehnolo\u0123ij\u0101s, tostarp dro\u0161\u012bbas sist\u0113m\u0101s. Piln\u012bgi unik\u0101las tehnolo\u0123ijas, k\u0101du neb\u016btu citviet pasaul\u0113, gan nav ieviestas.<\/p>\n<p>&#8220;Parasts cietums visa veida ieslodz\u012btajiem bez \u012bpa\u0161\u0101m ekstr\u0101m. \u0160aj\u0101 cietum\u0101 var\u0113s uztur\u0113ties gan miljon\u0101rs, gan cilv\u0113ks no viszem\u0101k\u0101 soci\u0101l\u0101 sl\u0101\u0146a, kuram vienk\u0101r\u0161i nav paveicies. Uzdevums ir vienk\u0101r\u0161s, proti, lai cilv\u0113ks p\u0113c atbr\u012bvo\u0161anas nevienam nedar\u012btu p\u0101ri un neizdar\u012btu jaunus noziegumus,&#8221; uzsv\u0113ra amatpersona.<\/p>\n<p>Jaunais cietums b\u016bs paredz\u0113ts tikai v\u012brie\u0161iem un Kurzemes un tuv\u0101ko re\u0123ionu ieslodz\u012btajiem. Jaunaj\u0101 ieslodz\u012bjuma viet\u0101 katr\u0101 kamer\u0101 uztur\u0113sies tikai divi ieslodz\u012btie, nevis vair\u0101k par desmit cietumnieki.<\/p>\n<p>Lai ar\u012b Latvij\u0101 l\u012bdz \u0161im eso\u0161aj\u0101s ieslodz\u012bjuma viet\u0101s biju\u0161i b\u0113g\u0161anas gad\u012bjumi, jaunais cietums ir b\u016bv\u0113ts t\u0101, lai v\u0113l b\u016btisk\u0101k samazin\u0101tu \u0161o risku. Konkr\u0113tus dro\u0161\u012bbas elementus valsts sekret\u0101rs nemin\u0113ja, ta\u010du uzsv\u0113ra, ka jau pati cietuma atra\u0161an\u0101s vieta mazina \u0161o risku, jo cietuma perimetr\u0101 nav dz\u012bvojamo \u0113ku, bet ir, piem\u0113ram, tr\u012bs l\u012bme\u0146u \u017eogs.<\/p>\n<p>Jaunaj\u0101 cietum\u0101 b\u016bs nepiecie\u0161ami 450 da\u017e\u0101du l\u012bme\u0146u un profesiju darbinieki. Patlaban vecaj\u0101 Liep\u0101jas cietum\u0101 ir aptuveni 200 darbinieki.<\/p>\n","protected":false},"excerpt":{"rendered":"Jaunais Liep\u0101jas cietums ir modern\u0101kais cietums Baltij\u0101 un, iesp\u0113jams, ar\u012b vis\u0101 Zieme\u013ceirop\u0101, t\u0101 nor\u0101d\u012bjis Tieslietu ministrijas (TM) valsts&hellip;\n","protected":false},"author":2,"featured_media":2089,"comment_status":"","ping_status":"","sticky":false,"template":"","format":"standard","meta":{"footnotes":""},"categories":[5],"tags":[129,1217,130,23,28,29,32,33,22,30,31,35,39,38,36,37,34,40,20,26,27,1218,131,1219,132,24,25,21],"class_list":{"0":"post-2088","1":"post","2":"type-post","3":"status-publish","4":"format-standard","5":"has-post-thumbnail","7":"category-aktualitates","8":"tag-__typenameadvicekeyword","9":"tag-id1050","10":"tag-id905","11":"tag-aktualitates","12":"tag-breaking-news","13":"tag-breakingnews","14":"tag-featured-news","15":"tag-featurednews","16":"tag-headlines","17":"tag-latest-news","18":"tag-latestnews","19":"tag-latvia","20":"tag-latvian","21":"tag-latviesu","22":"tag-latviesu-valoda","23":"tag-latviesuvaloda","24":"tag-latvija","25":"tag-lv","26":"tag-news","27":"tag-popularakas-zinas","28":"tag-popularakaszinas","29":"tag-slugcietumsods","30":"tag-slugliepaja","31":"tag-titlecietumsods","32":"tag-titleliepaja","33":"tag-top-stories","34":"tag-topstories","35":"tag-zinas"},"share_on_mastodon":{"url":"","error":""},"_links":{"self":[{"href":"https:\/\/www.europesays.com\/lv\/wp-json\/wp\/v2\/posts\/2088","targetHints":{"allow":["GET"]}}],"collection":[{"href":"https:\/\/www.europesays.com\/lv\/wp-json\/wp\/v2\/posts"}],"about":[{"href":"https:\/\/www.europesays.com\/lv\/wp-json\/wp\/v2\/types\/post"}],"author":[{"embeddable":true,"href":"https:\/\/www.europesays.com\/lv\/wp-json\/wp\/v2\/users\/2"}],"replies":[{"embeddable":true,"href":"https:\/\/www.europesays.com\/lv\/wp-json\/wp\/v2\/comments?post=2088"}],"version-history":[{"count":0,"href":"https:\/\/www.europesays.com\/lv\/wp-json\/wp\/v2\/posts\/2088\/revisions"}],"wp:featuredmedia":[{"embeddable":true,"href":"https:\/\/www.europesays.com\/lv\/wp-json\/wp\/v2\/media\/2089"}],"wp:attachment":[{"href":"https:\/\/www.europesays.com\/lv\/wp-json\/wp\/v2\/media?parent=2088"}],"wp:term":[{"taxonomy":"category","embeddable":true,"href":"https:\/\/www.europesays.com\/lv\/wp-json\/wp\/v2\/categories?post=2088"},{"taxonomy":"post_tag","embeddable":true,"href":"https:\/\/www.europesays.com\/lv\/wp-json\/wp\/v2\/tags?post=2088"}],"curies":[{"name":"wp","href":"https:\/\/api.w.org\/{rel}","templated":true}]}}