{"id":20940,"date":"2025-10-14T10:54:08","date_gmt":"2025-10-14T10:54:08","guid":{"rendered":"https:\/\/www.europesays.com\/lv\/20940\/"},"modified":"2025-10-14T10:54:08","modified_gmt":"2025-10-14T10:54:08","slug":"nba-klubam-bucks-pievienojas-tresais-no-braliem-adetokunbo","status":"publish","type":"post","link":"https:\/\/www.europesays.com\/lv\/20940\/","title":{"rendered":"NBA klubam &#8220;Bucks&#8221; pievienojas tre\u0161ais no br\u0101\u013ciem Adetokunbo"},"content":{"rendered":"<p>Alekss Adetokunbo b\u016bs tre\u0161ais no pieciem br\u0101\u013ciem, kas p\u0101rst\u0101v &#8220;Bucks&#8221;. L\u012bdz \u0161im nevien\u0101 <a href=\"https:\/\/sports.tvnet.lv\/term\/10004\/nba\" class=\"topicLink\" target=\"_blank\" rel=\"nofollow noopener\">NBA<\/a> komand\u0101 akt\u012bvu l\u012bgumu ar trim br\u0101\u013ciem vienlaic\u012bgi nav biju\u0161i. Milvoki p\u0101rst\u0101v ar\u012b Tanasis Adetokunbo.<\/p>\n<p>Tiek v\u0113st\u012bts, ka divvirziena l\u012bgums ar 24 gadus veco Aleksu Adetokunbo nosl\u0113gts uz div\u0101m sezon\u0101m.<\/p>\n<p>Pag\u0101ju\u0161aj\u0101 sezon\u0101 Alekss Adetokunbo sp\u0113l\u0113ja grie\u0137u PAOK rind\u0101s, bet \u0161\u012b gada august\u0101 vienoj\u0101s par divu gadu l\u012bgumu ar Tesaloniku &#8220;Aris&#8221;, kur gan aizvad\u012bja tikai divas sp\u0113les.<\/p>\n<p>Karjeras laik\u0101 Alekss Adetokunbo p\u0101rst\u0101v\u0113jis ar\u012b Melnkalnes klubu &#8220;Podgorica&#8221;, lietuvie\u0161u vien\u012bbu Ma\u017eei\u0137u &#8220;M Basket &#8211; Delamode&#8221;, sp\u0101\u0146u &#8220;Murcia&#8221;, k\u0101 ar\u012b NBA G l\u012bgas klubus Misisogas &#8220;Raptors 905&#8221; un Viskonsinas &#8220;Herd&#8221;.<\/p>\n<p>Lai nosl\u0113gtu l\u012bgumu ar Aleksu Adetokunbo, &#8220;Bucks&#8221; neaizsarg\u0101to sp\u0113l\u0113t\u0101ju sarakst\u0101 ievietoja aizsargu D\u017eamar\u012b Buj\u0113, zi\u0146o ESPN.<\/p>\n<p>\u0160\u012b gada Eiropas \u010dempion\u0101t\u0101 basketbol\u0101 Grie\u0137ijas izlas\u0113 bija tr\u012bs br\u0101\u013ci Adetokunbo &#8211; Jannis, Tanasis un Kosts. Grie\u0137i izc\u012bn\u012bja bronzas meda\u013cas.<\/p>\n","protected":false},"excerpt":{"rendered":"Alekss Adetokunbo b\u016bs tre\u0161ais no pieciem br\u0101\u013ciem, kas p\u0101rst\u0101v &#8220;Bucks&#8221;. L\u012bdz \u0161im nevien\u0101 NBA komand\u0101 akt\u012bvu l\u012bgumu ar&hellip;\n","protected":false},"author":2,"featured_media":20941,"comment_status":"","ping_status":"","sticky":false,"template":"","format":"standard","meta":{"footnotes":""},"categories":[17],"tags":[145,1098,743,35,39,38,36,37,34,40,6720,1258,67],"class_list":{"0":"post-20940","1":"post","2":"type-post","3":"status-publish","4":"format-standard","5":"has-post-thumbnail","7":"category-sports","8":"tag-basketbols","9":"tag-basketbols-pasaule","10":"tag-jannis-adetokunbo","11":"tag-latvia","12":"tag-latvian","13":"tag-latviesu","14":"tag-latviesu-valoda","15":"tag-latviesuvaloda","16":"tag-latvija","17":"tag-lv","18":"tag-milvoki-bucks","19":"tag-nba","20":"tag-sports"},"share_on_mastodon":{"url":"","error":""},"_links":{"self":[{"href":"https:\/\/www.europesays.com\/lv\/wp-json\/wp\/v2\/posts\/20940","targetHints":{"allow":["GET"]}}],"collection":[{"href":"https:\/\/www.europesays.com\/lv\/wp-json\/wp\/v2\/posts"}],"about":[{"href":"https:\/\/www.europesays.com\/lv\/wp-json\/wp\/v2\/types\/post"}],"author":[{"embeddable":true,"href":"https:\/\/www.europesays.com\/lv\/wp-json\/wp\/v2\/users\/2"}],"replies":[{"embeddable":true,"href":"https:\/\/www.europesays.com\/lv\/wp-json\/wp\/v2\/comments?post=20940"}],"version-history":[{"count":0,"href":"https:\/\/www.europesays.com\/lv\/wp-json\/wp\/v2\/posts\/20940\/revisions"}],"wp:featuredmedia":[{"embeddable":true,"href":"https:\/\/www.europesays.com\/lv\/wp-json\/wp\/v2\/media\/20941"}],"wp:attachment":[{"href":"https:\/\/www.europesays.com\/lv\/wp-json\/wp\/v2\/media?parent=20940"}],"wp:term":[{"taxonomy":"category","embeddable":true,"href":"https:\/\/www.europesays.com\/lv\/wp-json\/wp\/v2\/categories?post=20940"},{"taxonomy":"post_tag","embeddable":true,"href":"https:\/\/www.europesays.com\/lv\/wp-json\/wp\/v2\/tags?post=20940"}],"curies":[{"name":"wp","href":"https:\/\/api.w.org\/{rel}","templated":true}]}}