{"id":20959,"date":"2025-10-14T11:12:13","date_gmt":"2025-10-14T11:12:13","guid":{"rendered":"https:\/\/www.europesays.com\/lv\/20959\/"},"modified":"2025-10-14T11:12:13","modified_gmt":"2025-10-14T11:12:13","slug":"dragan-stojkovic-atkapjas-no-serbijas-futbola-izlases-galvena-trenera-amata-pec-sapiga-zaudejuma-albanijai-lente-lv","status":"publish","type":"post","link":"https:\/\/www.europesays.com\/lv\/20959\/","title":{"rendered":"Dragan Stojkovi\u0107 atk\u0101pjas no Serbijas futbola izlases galven\u0101 trenera amata p\u0113c s\u0101p\u012bga zaud\u0113juma Alb\u0101nijai\u00a0\u2014\u00a0Lente.lv"},"content":{"rendered":"<p>Dragan Stojkovi\u0107 atk\u0101pjas no Serbijas futbola izlases galven\u0101 trenera amata<\/p>\n<p>P\u0113c saspringta Pasaules kausa kvalifik\u0101cijas ma\u010da, kur\u0101 Serbijas v\u012brie\u0161u futbola izlase piedz\u012bvoja negaid\u012btu un s\u0101p\u012bgu zaud\u0113jumu Alb\u0101nijai ar rezult\u0101tu 0:1, izlases galvenais treneris Dragan Stojkovi\u0107 ir pazi\u0146ojis par savu atk\u0101p\u0161anos no amata. L\u0113mums, kas tika pie\u0146emts sestdienas vakar\u0101 p\u0113c sp\u0113les Leskovac\u0101, ir rad\u012bjis iev\u0113rojamu rezonansi futbola pasaul\u0113, jo Stojkovi\u0107s iepriek\u0161 ir vad\u012bjis komandu veiksm\u012bgi, tai skait\u0101 nodro\u0161inot dal\u012bbu Pasaules kausa un Eiropas \u010dempion\u0101ta fin\u0101lturn\u012bros.<\/p>\n<p>Atbild\u012bbas uz\u0146em\u0161an\u0101s un n\u0101kotnes perspekt\u012bvas<\/p>\n<p>Stojkovi\u0107s, kur\u0161 paz\u012bstams ar\u012b ar iesauku &#8220;Piksi&#8221;, publiski atzina, ka pie\u0146em pilnu atbild\u012bbu par komandas sniegumu un rezult\u0101tiem. &#8220;\u0160\u012b neveiksme nedr\u012bkst\u0113ja notikt, un es uz\u0146emos atbild\u012bbu. Esmu gatavs saskarties ar sek\u0101m,&#8221; p\u0113c sp\u0113les \u017eurn\u0101listiem pazi\u0146oja treneris. Vi\u0146\u0161 piebilda, ka &#8220;tas nav tra\u0123iski, kad treneris aiziet&#8221; un ka vi\u0146\u0161 vienm\u0113r b\u016bs Serbijas liel\u0101kais atbalst\u012bt\u0101js. Lai gan Stojkovi\u010ds ir vad\u012bjis izlasi vair\u0101k nek\u0101 50 sp\u0113l\u0113s kop\u0161 2021. gada marta, vi\u0146a p\u0113d\u0113jais l\u0113mums ir nosl\u0113gt \u0161o noda\u013cu. Vi\u0146a p\u0113ctecis v\u0113l nav zin\u0101ms, ta\u010du tiek izskat\u012bta iesp\u0113ja, ka pagaidu risin\u0101jumu var\u0113tu nodro\u0161in\u0101t U-21 izlases treneris Zorans Mirkovi\u010ds.<\/p>\n<p>Konteksts un sp\u0113les noz\u012bme<\/p>\n<p>Sp\u0113le pret Alb\u0101niju bija \u012bpa\u0161i emocion\u0101li un politiski uzl\u0101d\u0113ta, ko apliecina ar\u012b fakts, ka t\u0101 tika p\u0101rcelta no Belgradas uz Leskovacu dro\u0161\u012bbas apsv\u0113rumu d\u0113\u013c. \u0160\u0101du sp\u0113\u013cu starp Serbijas un Alb\u0101nijas izlas\u0113m bie\u017ei vien pavada spriedze, kas saist\u012bta ar abu valstu sare\u017e\u0123\u012btaj\u0101m attiec\u012bb\u0101m, \u012bpa\u0161i Kosovas jaut\u0101jum\u0101. Kvalifik\u0101cijas K apak\u0161grup\u0101 Serbija \u0161obr\u012bd ie\u0146em tre\u0161o vietu, atpaliekot no l\u012bder\u0113m Anglijas un Alb\u0101nijas. \u0160\u012b neveiksme v\u0113l vair\u0101k sare\u017e\u0123\u012b Serbijas izredzes kvalific\u0113ties Pasaules kausa fin\u0101lturn\u012bram, liekot komandai c\u012bn\u012bties par potenci\u0101laj\u0101m &#8220;play-off&#8221; viet\u0101m.<\/p>\n","protected":false},"excerpt":{"rendered":"Dragan Stojkovi\u0107 atk\u0101pjas no Serbijas futbola izlases galven\u0101 trenera amata P\u0113c saspringta Pasaules kausa kvalifik\u0101cijas ma\u010da, kur\u0101 Serbijas&hellip;\n","protected":false},"author":2,"featured_media":20960,"comment_status":"","ping_status":"","sticky":false,"template":"","format":"standard","meta":{"footnotes":""},"categories":[17],"tags":[6725,6723,676,35,39,38,36,37,34,40,5171,6724,67],"class_list":{"0":"post-20959","1":"post","2":"type-post","3":"status-publish","4":"format-standard","5":"has-post-thumbnail","7":"category-sports","8":"tag-atkapsanas","9":"tag-dragan-stojkovic","10":"tag-futbols","11":"tag-latvia","12":"tag-latvian","13":"tag-latviesu","14":"tag-latviesu-valoda","15":"tag-latviesuvaloda","16":"tag-latvija","17":"tag-lv","18":"tag-pasaules-kausa-kvalifikacija","19":"tag-serbijas-futbola-izlase","20":"tag-sports"},"share_on_mastodon":{"url":"","error":""},"_links":{"self":[{"href":"https:\/\/www.europesays.com\/lv\/wp-json\/wp\/v2\/posts\/20959","targetHints":{"allow":["GET"]}}],"collection":[{"href":"https:\/\/www.europesays.com\/lv\/wp-json\/wp\/v2\/posts"}],"about":[{"href":"https:\/\/www.europesays.com\/lv\/wp-json\/wp\/v2\/types\/post"}],"author":[{"embeddable":true,"href":"https:\/\/www.europesays.com\/lv\/wp-json\/wp\/v2\/users\/2"}],"replies":[{"embeddable":true,"href":"https:\/\/www.europesays.com\/lv\/wp-json\/wp\/v2\/comments?post=20959"}],"version-history":[{"count":0,"href":"https:\/\/www.europesays.com\/lv\/wp-json\/wp\/v2\/posts\/20959\/revisions"}],"wp:featuredmedia":[{"embeddable":true,"href":"https:\/\/www.europesays.com\/lv\/wp-json\/wp\/v2\/media\/20960"}],"wp:attachment":[{"href":"https:\/\/www.europesays.com\/lv\/wp-json\/wp\/v2\/media?parent=20959"}],"wp:term":[{"taxonomy":"category","embeddable":true,"href":"https:\/\/www.europesays.com\/lv\/wp-json\/wp\/v2\/categories?post=20959"},{"taxonomy":"post_tag","embeddable":true,"href":"https:\/\/www.europesays.com\/lv\/wp-json\/wp\/v2\/tags?post=20959"}],"curies":[{"name":"wp","href":"https:\/\/api.w.org\/{rel}","templated":true}]}}